{"id":1010,"date":"2011-09-23T18:33:35","date_gmt":"2011-09-23T21:33:35","guid":{"rendered":"https:\/\/clickcarangola.com.br\/site\/?p=1010"},"modified":"2011-09-24T11:58:46","modified_gmt":"2011-09-24T14:58:46","slug":"chegada-da-primavera-anima-produtores-e-comerciantes-de-barbacena","status":"publish","type":"post","link":"https:\/\/clickcarangola.com.br\/site\/23\/09\/2011\/chegada-da-primavera-anima-produtores-e-comerciantes-de-barbacena\/","title":{"rendered":"Chegada da primavera anima produtores e comerciantes de Barbacena"},"content":{"rendered":"<p style=\"text-align: justify;\"><span style=\"color: #888888;\"><img loading=\"lazy\" decoding=\"async\" class=\"alignleft size-full wp-image-1011\" title=\"Informa\u00e7\u00f5es: Megaminas.com\" src=\"https:\/\/clickcarangola.com.br\/site\/wp-content\/uploads\/2011\/09\/Primavera.jpg\" alt=\"\" width=\"300\" height=\"226\" srcset=\"https:\/\/clickcarangola.com.br\/site\/wp-content\/uploads\/2011\/09\/Primavera.jpg 300w, https:\/\/clickcarangola.com.br\/site\/wp-content\/uploads\/2011\/09\/Primavera-100x75.jpg 100w\" sizes=\"auto, (max-width: 300px) 100vw, 300px\" \/>A primavera iniciou nesta sexta-feira (23) \u00e0s 6h04. Segundo o 5\u00ba Distrito de Meteorologia de Belo Horizonte, na regi\u00e3o da Zona da Mata ela come\u00e7a com um per\u00edodo de transi\u00e7\u00e3o com dias quentes e noites mais frias. Mas alerta que neste per\u00edodo podem ocorrer chuvas mais intensas e rajadas de ventos. Em Barbacena, os produtores de flores est\u00e3o otimistas com a nova esta\u00e7\u00e3o.<\/span><\/p>\n<p style=\"text-align: justify;\"><span style=\"color: #888888;\">Em uma propriedade em Alfredo Vasconcelos s\u00e3o cultivadas seis esp\u00e9cies de flores. Por semana s\u00e3o produzidas mil unidades. Tudo consumido pelo mercado local e regi\u00e3o metropolitana de Belo Horizonte. Com a chegada da primavera, o produtor Jos\u00e9 S\u00e1vio de Souza conta com um aumento de 50% da produ\u00e7\u00e3o. A esta\u00e7\u00e3o mais bonita do ano favorece o crescimento dos brotos, segundo ele.<\/span><\/p>\n<p style=\"text-align: justify;\"><span style=\"color: #888888;\">Mas n\u00e3o s\u00e3o apenas os produtores que lucram com a chegada da primavera. Com o aumento da produ\u00e7\u00e3o s\u00e3o abertas novas frentes de trabalho e crescem as vagas de emprego. O funcion\u00e1rio Jo\u00e3o F\u00e9liz Rodrigues foi contratado justamente nesta \u00e9poca do ano por um per\u00edodo tempor\u00e1rio. O patr\u00e3o gostou tanto do trabalho dele, que acabou ficando em definitivo.<\/span><\/p>\n<p style=\"text-align: justify;\"><span style=\"color: #888888;\">Em uma floricultura em Barbacena a nova esta\u00e7\u00e3o tamb\u00e9m animou os comerciantes. Como a produtora Sheila Loschi, que produz para vender no atacado e para o consumidor final. Ela diz que o inverno rigoroso prejudicou o mercado, mas que o setor deve come\u00e7ar a reagir com o aumento gradativo da temperatura.<\/span><\/p>\n<p style=\"text-align: justify;\"><strong><span style=\"color: #888888;\">Por: Click Carangola<\/span><\/strong><\/p>\n<p>\u00bb Envie not\u00edcias, sugest\u00f5es, den\u00fancias, cr\u00edticas e pedidos para a nossa Reda\u00e7\u00e3o \u2013 <a href=\"mailto:clickcarangola@gmail.com\">clickcarangola@gmail.com<\/a><\/p>\n","protected":false},"excerpt":{"rendered":"<p>A primavera iniciou nesta sexta-feira (23) \u00e0s 6h04. Segundo o 5\u00ba Distrito de Meteorologia de Belo Horizonte, na regi\u00e3o da Zona da Mata ela come\u00e7a com um per\u00edodo de transi\u00e7\u00e3o com dias quentes e noites mais frias. Mas alerta que neste per\u00edodo podem ocorrer chuvas mais intensas e rajadas de ventos. Em Barbacena, os produtores [&hellip;]<\/p>\n","protected":false},"author":2,"featured_media":0,"comment_status":"open","ping_status":"open","sticky":false,"template":"","format":"standard","meta":{"footnotes":""},"categories":[1],"tags":[],"class_list":["post-1010","post","type-post","status-publish","format-standard","hentry","category-regional"],"_links":{"self":[{"href":"https:\/\/clickcarangola.com.br\/site\/wp-json\/wp\/v2\/posts\/1010","targetHints":{"allow":["GET"]}}],"collection":[{"href":"https:\/\/clickcarangola.com.br\/site\/wp-json\/wp\/v2\/posts"}],"about":[{"href":"https:\/\/clickcarangola.com.br\/site\/wp-json\/wp\/v2\/types\/post"}],"author":[{"embeddable":true,"href":"https:\/\/clickcarangola.com.br\/site\/wp-json\/wp\/v2\/users\/2"}],"replies":[{"embeddable":true,"href":"https:\/\/clickcarangola.com.br\/site\/wp-json\/wp\/v2\/comments?post=1010"}],"version-history":[{"count":2,"href":"https:\/\/clickcarangola.com.br\/site\/wp-json\/wp\/v2\/posts\/1010\/revisions"}],"predecessor-version":[{"id":1013,"href":"https:\/\/clickcarangola.com.br\/site\/wp-json\/wp\/v2\/posts\/1010\/revisions\/1013"}],"wp:attachment":[{"href":"https:\/\/clickcarangola.com.br\/site\/wp-json\/wp\/v2\/media?parent=1010"}],"wp:term":[{"taxonomy":"category","embeddable":true,"href":"https:\/\/clickcarangola.com.br\/site\/wp-json\/wp\/v2\/categories?post=1010"},{"taxonomy":"post_tag","embeddable":true,"href":"https:\/\/clickcarangola.com.br\/site\/wp-json\/wp\/v2\/tags?post=1010"}],"curies":[{"name":"wp","href":"https:\/\/api.w.org\/{rel}","templated":true}]}}