{"id":1032,"date":"2011-09-23T14:28:36","date_gmt":"2011-09-23T17:28:36","guid":{"rendered":"https:\/\/clickcarangola.com.br\/site\/?p=1032"},"modified":"2011-09-24T14:21:52","modified_gmt":"2011-09-24T17:21:52","slug":"inauguracao-de-obras-em-itaperuna","status":"publish","type":"post","link":"https:\/\/clickcarangola.com.br\/site\/23\/09\/2011\/inauguracao-de-obras-em-itaperuna\/","title":{"rendered":"Inaugura\u00e7\u00e3o de obras em Itaperuna"},"content":{"rendered":"<p style=\"text-align: justify;\"><span style=\"color: #808080;\"><img loading=\"lazy\" decoding=\"async\" class=\"alignleft size-medium wp-image-1033\" title=\"Informa\u00e7\u00f5es: Itaperuna News.\" src=\"https:\/\/clickcarangola.com.br\/site\/wp-content\/uploads\/2011\/09\/Obras-Itaperuna_01-300x199.jpg\" alt=\"\" width=\"300\" height=\"226\" \/><\/span><\/p>\n<p style=\"text-align: justify;\"><span style=\"color: #808080;\">O Governo do Estado do Rio de Janeiro, juntamente com a Prefeitura de Itaperuna inauguraram na quinta-feira (22\/09), muros de conten\u00e7\u00e3o e estabiliza\u00e7\u00e3o de encosta na Rua Benedito Nicolau (Bairro S\u00e3o Mateus), al\u00e9m de pavimenta\u00e7\u00e3o e drenagem de diversas ruas do munic\u00edpio, dentre elas, Avenida Tr\u00eas Pinheiros e Loteamento Jo\u00e3o Bedim. Os investimentos das obras foram em torno de R$ 6 milh\u00f5es.<\/span><\/p>\n<p style=\"text-align: justify;\"><span style=\"color: #808080;\">Para o governador em exerc\u00edcio Luiz Fernando Pez\u00e3o \u00e9 sempre um prazer estar em Itaperuna. \u201cRecentemente estivemos na cidade entregando uma Unidade de Pronto Atendimento, UPA 24 horas\u201d, diz Pez\u00e3o, que ainda citou a constru\u00e7\u00e3o da nova ponte que ligar\u00e1 os bairros Frigor\u00edfico e Carulas aos bairros Aeroporto e Matadouro, como mais uma conquista para o munic\u00edpio da regi\u00e3o Noroeste Fluminense.<\/span><\/p>\n<p style=\"text-align: justify;\"><strong><span style=\"color: #808080;\">Muro de conten\u00e7\u00e3o e estabiliza\u00e7\u00e3o de encosta na Rua Benedito Nicolau<\/span><\/strong><\/p>\n<p style=\"text-align: justify;\"><strong><span style=\"color: #808080;\"><img loading=\"lazy\" decoding=\"async\" class=\"alignleft size-full wp-image-1036\" title=\"Informa\u00e7\u00f5es: Itaperuna News.\" src=\"https:\/\/clickcarangola.com.br\/site\/wp-content\/uploads\/2011\/09\/Obras-Itaperuna_02.jpg\" alt=\"\" width=\"300\" height=\"226\" \/><\/span><\/strong><\/p>\n<p style=\"text-align: justify;\"><strong>\u00a0<\/strong>\u00a0<\/p>\n<p style=\"text-align: justify;\">\u00a0<\/p>\n<p style=\"text-align: justify;\">\u00a0<\/p>\n<p style=\"text-align: justify;\">\u00a0<\/p>\n<p style=\"text-align: justify;\">\u00a0<\/p>\n<p style=\"text-align: justify;\">\u00a0<\/p>\n<p style=\"text-align: justify;\"><span style=\"color: #888888;\">O prefeito Fernando Fernandes, o Paulada, comemorou mais essas conquistas e reafirmou seu compromisso em buscar recursos junto aos governos Estadual e Federal. Paulada tamb\u00e9m frisou que outros recursos j\u00e1 foram conseguidos. \u201cItaperuna j\u00e1 conseguiu R$ 83 milh\u00f5es para amplia\u00e7\u00e3o da distribui\u00e7\u00e3o de \u00e1gua e saneamento b\u00e1sico, que sem d\u00favida alguma vai melhorar a qualidade de vida do cidad\u00e3o\u201d, afirma. O prefeito ainda mencionou as obras da Vinhosa e a constru\u00e7\u00e3o dos apartamentos sociais em seu discurso.<\/span><\/p>\n<p style=\"text-align: justify;\"><span style=\"color: #888888;\">Antes da cerim\u00f4nia de inaugura\u00e7\u00e3o dos muros de conten\u00e7\u00e3o e estabiliza\u00e7\u00e3o de encosta, o governador em exerc\u00edcio Pez\u00e3o e o prefeito Paulada percorreram as ruas da Avenida Tr\u00eas Pinheiros e Loteamento Jo\u00e3o Bedim.<\/span><\/p>\n<p style=\"text-align: justify;\"><span style=\"color: #888888;\">Tamb\u00e9m participaram da cerim\u00f4nia Felipe Peixoto, secret\u00e1rio Estadual de Desenvolvimento Regional, Abastecimento e Pesca do Rio de Janeiro; prefeitos da regi\u00e3o Noroeste Fluminense; secret\u00e1rios municipais; vereadores; autoridades civis e militares; convidados e popula\u00e7\u00e3o beneficiada.<\/span><\/p>\n<p><span style=\"color: #888888;\"><strong>Vereadores comemoram conquistas<\/strong><\/span><\/p>\n<p><span style=\"color: #888888;\"><strong><img loading=\"lazy\" decoding=\"async\" class=\"alignleft size-full wp-image-1037\" title=\"Informa\u00e7\u00f5es: Itaperuna News.\" src=\"https:\/\/clickcarangola.com.br\/site\/wp-content\/uploads\/2011\/09\/Obras-Itaperuna_03.jpg\" alt=\"\" width=\"300\" height=\"226\" \/><\/strong><\/span><\/p>\n<p><span style=\"color: #888888;\"><strong>\u00a0<\/strong><\/span><\/p>\n<p><span style=\"color: #888888;\"><strong>\u00a0<\/strong><\/span><\/p>\n<p><span style=\"color: #888888;\"><strong>\u00a0<\/strong><\/span><\/p>\n<p><span style=\"color: #888888;\"><strong>\u00a0<\/strong><\/span><\/p>\n<p><span style=\"color: #888888;\"><strong>\u00a0<\/strong><\/span><\/p>\n<p><span style=\"color: #888888;\"><strong>\u00a0<\/strong><\/span><\/p>\n<p style=\"text-align: justify;\"><span style=\"color: #888888;\">Mesmo sob forte Sol, centenas de pessoas compareceram \u00e0 inaugura\u00e7\u00e3o. <\/span><span style=\"color: #888888;\">O vereador Emanuel Medeiros, o Nel, disse estar satisfeito com os obras e lembrou que recentemente o governador S\u00e9rgio Cabral esteve no Bairro Vinhosa. \u201cNaquela \u00e9poca, em mar\u00e7o de 2010, foram investidos aproximadamente R$ 2,5 milh\u00f5es somente para proporcionar uma melhor distribui\u00e7\u00e3o de \u00e1gua para a comunidade, que passou a ter um volume de 34 milh\u00f5es de litros de \u00e1gua tratada por dia\u201d, lembra.<\/span><\/p>\n<p style=\"text-align: justify;\"><span style=\"color: #888888;\">J\u00e1 o vereador Alexandre Pereira da Silva, o Alexandre da Auto Escola, aproveitou a oportunidade para fazer algumas reivindica\u00e7\u00f5es junto ao governador em exerc\u00edcio Luiz Fernando Pez\u00e3o. O vereador ainda citou os benef\u00edcios concedidos ao Loteamento Jo\u00e3o Bedim e disse que em breve fornecer\u00e1 melhores informa\u00e7\u00f5es sobre a conversa que teve com o Pez\u00e3o.<\/span><\/p>\n<p style=\"text-align: justify;\"><strong><span style=\"color: #888888;\">Por: Click Carangola<\/span><\/strong><\/p>\n<p>\u00bb Envie not\u00edcias, sugest\u00f5es, den\u00fancias, cr\u00edticas e pedidos para a nossa Reda\u00e7\u00e3o \u2013 <a href=\"mailto:clickcarangola@gmail.com\">clickcarangola@gmail.com<\/a><\/p>\n","protected":false},"excerpt":{"rendered":"<p>O Governo do Estado do Rio de Janeiro, juntamente com a Prefeitura de Itaperuna inauguraram na quinta-feira (22\/09), muros de conten\u00e7\u00e3o e estabiliza\u00e7\u00e3o de encosta na Rua Benedito Nicolau (Bairro S\u00e3o Mateus), al\u00e9m de pavimenta\u00e7\u00e3o e drenagem de diversas ruas do munic\u00edpio, dentre elas, Avenida Tr\u00eas Pinheiros e Loteamento Jo\u00e3o Bedim. Os investimentos das obras [&hellip;]<\/p>\n","protected":false},"author":2,"featured_media":0,"comment_status":"open","ping_status":"open","sticky":false,"template":"","format":"standard","meta":{"footnotes":""},"categories":[1],"tags":[],"class_list":["post-1032","post","type-post","status-publish","format-standard","hentry","category-regional"],"_links":{"self":[{"href":"https:\/\/clickcarangola.com.br\/site\/wp-json\/wp\/v2\/posts\/1032","targetHints":{"allow":["GET"]}}],"collection":[{"href":"https:\/\/clickcarangola.com.br\/site\/wp-json\/wp\/v2\/posts"}],"about":[{"href":"https:\/\/clickcarangola.com.br\/site\/wp-json\/wp\/v2\/types\/post"}],"author":[{"embeddable":true,"href":"https:\/\/clickcarangola.com.br\/site\/wp-json\/wp\/v2\/users\/2"}],"replies":[{"embeddable":true,"href":"https:\/\/clickcarangola.com.br\/site\/wp-json\/wp\/v2\/comments?post=1032"}],"version-history":[{"count":5,"href":"https:\/\/clickcarangola.com.br\/site\/wp-json\/wp\/v2\/posts\/1032\/revisions"}],"predecessor-version":[{"id":1040,"href":"https:\/\/clickcarangola.com.br\/site\/wp-json\/wp\/v2\/posts\/1032\/revisions\/1040"}],"wp:attachment":[{"href":"https:\/\/clickcarangola.com.br\/site\/wp-json\/wp\/v2\/media?parent=1032"}],"wp:term":[{"taxonomy":"category","embeddable":true,"href":"https:\/\/clickcarangola.com.br\/site\/wp-json\/wp\/v2\/categories?post=1032"},{"taxonomy":"post_tag","embeddable":true,"href":"https:\/\/clickcarangola.com.br\/site\/wp-json\/wp\/v2\/tags?post=1032"}],"curies":[{"name":"wp","href":"https:\/\/api.w.org\/{rel}","templated":true}]}}