{"id":1064,"date":"2011-09-23T14:36:32","date_gmt":"2011-09-23T17:36:32","guid":{"rendered":"https:\/\/clickcarangola.com.br\/site\/?p=1064"},"modified":"2011-09-24T14:59:21","modified_gmt":"2011-09-24T17:59:21","slug":"itaperuna-tera-academia-popular-no-centro-poliesportivo","status":"publish","type":"post","link":"https:\/\/clickcarangola.com.br\/site\/23\/09\/2011\/itaperuna-tera-academia-popular-no-centro-poliesportivo\/","title":{"rendered":"Itaperuna ter\u00e1 academia popular no Centro Poliesportivo"},"content":{"rendered":"<p style=\"text-align: justify;\"><span style=\"color: #888888;\"><img loading=\"lazy\" decoding=\"async\" class=\"alignleft size-medium wp-image-1065\" title=\"Informa\u00e7\u00f5es: Itaperuna News.\" src=\"https:\/\/clickcarangola.com.br\/site\/wp-content\/uploads\/2011\/09\/Academia-Popular-300x196.jpg\" alt=\"\" width=\"300\" height=\"226\" \/>Durante a reuni\u00e3o da C\u00e2mara Municipal de Itaperuna na quarta-feira (21\/09), o vereador Emanuel Medeiros da Silva, o Nel, comemorou a chegada de equipamentos de gin\u00e1stica para o Centro Poliesportivo. <\/span><\/p>\n<p style=\"text-align: justify;\"><span style=\"color: #888888;\">\u201c\u00c9 com muita satisfa\u00e7\u00e3o que compartilho essa informa\u00e7\u00e3o com os presentes e com toda a popula\u00e7\u00e3o de Itaperuna. Em 17 de mar\u00e7o de 2010, atrav\u00e9s da indica\u00e7\u00e3o de n\u00famero 066\/10, n\u00f3s fizemos uma indica\u00e7\u00e3o solicitando a instala\u00e7\u00e3o da academia popular e agora, estamos prestes a inaugur\u00e1-la\u201d, diz Nel. O vereador acredita que a academia popular n\u00e3o ser\u00e1 apenas uma forma de entretenimento, mas principalmente, uma maneira de a popula\u00e7\u00e3o utilizar das pr\u00e1ticas esportivas em benef\u00edcio \u00e0 sa\u00fade.<\/span><\/p>\n<p style=\"text-align: justify;\"><span style=\"color: #888888;\">Sobre o poss\u00edvel fechamento da capela mortu\u00e1ria no Bairro Vinhosa, noticiado em alguns ve\u00edculos de comunica\u00e7\u00e3o, Nel garantiu que isso n\u00e3o acontecer\u00e1. \u201cTenho um compromisso com a comunidade, n\u00e3o s\u00f3 do Bairro Vinhosa e S\u00e3o Mateus, como com toda a sociedade itaperunense. J\u00e1 conversei com o propriet\u00e1rio do im\u00f3vel, o senhor Wilson Chequer, e vamos solucionar essa quest\u00e3o\u201d, diz. Nel ainda confirmou que no pr\u00f3ximo m\u00eas haver\u00e1 uma reforma no local.<\/span><\/p>\n<p style=\"text-align: justify;\"><span style=\"color: #888888;\">O vereador convidou os presentes a comparecer na manh\u00e3 de 22 de setembro, no Bairro S\u00e3o Mateus, para a inaugura\u00e7\u00e3o dos muros de conten\u00e7\u00e3o e estabiliza\u00e7\u00e3o de encosta, localizados na Rua Benedito Nicolau, onde estar\u00e1 presente o governador em exerc\u00edcio do Estado do Rio de Janeiro Luiz Fernando Pez\u00e3o.<\/span><\/p>\n<p style=\"text-align: justify;\"><span style=\"color: #888888;\">O vereador Nel agradeceu ao prefeito Fernando Fernandes, o Paulada, pelo trabalho que est\u00e1 sendo realizado no Loteamento S\u00e3o Mateus. \u201cJ\u00e1 est\u00e1 tudo acertado tamb\u00e9m, para a constru\u00e7\u00e3o da pra\u00e7a. Vamos realizar mais essa obra e em breve\u201d, complementa. Sobre o aumento da produtividade reivindicados pelos servidores da Educa\u00e7\u00e3o Municipal, o vereador foi enf\u00e1tico: \u201cquando vier a mat\u00e9ria referente ao aumento da produtividade dos professores para esta Casa, certamente vamos votar a favor\u201d, finaliza.<\/span><\/p>\n<p style=\"text-align: justify;\"><strong><span style=\"color: #888888;\">Por: Click Carangola<\/span><\/strong><\/p>\n<p>\u00bb Envie not\u00edcias, sugest\u00f5es, den\u00fancias, cr\u00edticas e pedidos para a nossa Reda\u00e7\u00e3o \u2013 <a href=\"mailto:clickcarangola@gmail.com\">clickcarangola@gmail.com<\/a><\/p>\n","protected":false},"excerpt":{"rendered":"<p>Durante a reuni\u00e3o da C\u00e2mara Municipal de Itaperuna na quarta-feira (21\/09), o vereador Emanuel Medeiros da Silva, o Nel, comemorou a chegada de equipamentos de gin\u00e1stica para o Centro Poliesportivo. \u201c\u00c9 com muita satisfa\u00e7\u00e3o que compartilho essa informa\u00e7\u00e3o com os presentes e com toda a popula\u00e7\u00e3o de Itaperuna. Em 17 de mar\u00e7o de 2010, atrav\u00e9s [&hellip;]<\/p>\n","protected":false},"author":2,"featured_media":0,"comment_status":"open","ping_status":"open","sticky":false,"template":"","format":"standard","meta":{"footnotes":""},"categories":[1],"tags":[],"class_list":["post-1064","post","type-post","status-publish","format-standard","hentry","category-regional"],"_links":{"self":[{"href":"https:\/\/clickcarangola.com.br\/site\/wp-json\/wp\/v2\/posts\/1064","targetHints":{"allow":["GET"]}}],"collection":[{"href":"https:\/\/clickcarangola.com.br\/site\/wp-json\/wp\/v2\/posts"}],"about":[{"href":"https:\/\/clickcarangola.com.br\/site\/wp-json\/wp\/v2\/types\/post"}],"author":[{"embeddable":true,"href":"https:\/\/clickcarangola.com.br\/site\/wp-json\/wp\/v2\/users\/2"}],"replies":[{"embeddable":true,"href":"https:\/\/clickcarangola.com.br\/site\/wp-json\/wp\/v2\/comments?post=1064"}],"version-history":[{"count":3,"href":"https:\/\/clickcarangola.com.br\/site\/wp-json\/wp\/v2\/posts\/1064\/revisions"}],"predecessor-version":[{"id":1068,"href":"https:\/\/clickcarangola.com.br\/site\/wp-json\/wp\/v2\/posts\/1064\/revisions\/1068"}],"wp:attachment":[{"href":"https:\/\/clickcarangola.com.br\/site\/wp-json\/wp\/v2\/media?parent=1064"}],"wp:term":[{"taxonomy":"category","embeddable":true,"href":"https:\/\/clickcarangola.com.br\/site\/wp-json\/wp\/v2\/categories?post=1064"},{"taxonomy":"post_tag","embeddable":true,"href":"https:\/\/clickcarangola.com.br\/site\/wp-json\/wp\/v2\/tags?post=1064"}],"curies":[{"name":"wp","href":"https:\/\/api.w.org\/{rel}","templated":true}]}}