{"id":1069,"date":"2011-09-23T14:40:07","date_gmt":"2011-09-23T17:40:07","guid":{"rendered":"https:\/\/clickcarangola.com.br\/site\/?p=1069"},"modified":"2011-09-24T15:05:32","modified_gmt":"2011-09-24T18:05:32","slug":"inaugura-hoje-a-vara-da-justica-federal-em-muriae","status":"publish","type":"post","link":"https:\/\/clickcarangola.com.br\/site\/23\/09\/2011\/inaugura-hoje-a-vara-da-justica-federal-em-muriae\/","title":{"rendered":"Inaugura hoje a Vara da Justi\u00e7a Federal em Muria\u00e9"},"content":{"rendered":"<p style=\"text-align: justify;\"><span style=\"color: #888888;\"><img loading=\"lazy\" decoding=\"async\" class=\"alignleft size-full wp-image-1070\" title=\"Informa\u00e7\u00f5es: Interligado Online.\" src=\"https:\/\/clickcarangola.com.br\/site\/wp-content\/uploads\/2011\/09\/Justi\u00e7a-Federal.jpg\" alt=\"\" width=\"300\" height=\"226\" \/>Ser\u00e1 inaugurada hoje (23), com in\u00edcio previsto para \u00e0s 17h, a Vara da Justi\u00e7a Federal em Muria\u00e9. A Vara Federal fica na Avenida Doutor M\u00e1rio In\u00e1cio Carneiro, 535, Centro (ao lado da loja RG Pneus, pr\u00f3ximo ao viaduto). <\/span><\/p>\n<p style=\"text-align: justify;\"><span style=\"color: #888888;\">Diversas autoridades municipais e da regi\u00e3o estar\u00e3o presentes\u00a0ao evento que exige traje passeio completo. O novo pr\u00e9dio vai atender al\u00e9m de Muria\u00e9, as cidades de Ant\u00f4nio Prado de Minas, Astolfo Dutra, Bar\u00e3o de Monte Alto, Cataguases, Dona Euz\u00e9bia, Eugen\u00f3polis, Estrela Dalva, Faria Lemos, Fervedouro, Itamarati de Minas, Laranjal, Leopoldina, Miradouro, Mira\u00ed, Palma, Patroc\u00ednio de Muria\u00e9, Pedra Dourada, Pirapetinga, Recreio, Ros\u00e1rio da Limeira, Santana de Cataguases, S\u00e3o Sebasti\u00e3o da Vargem Alegre, S\u00e3o Francisco do Gl\u00f3ria, Tombos e Vieiras.<\/span><\/p>\n<p style=\"text-align: justify;\"><strong><span style=\"color: #888888;\">Por: Click Carangola<\/span><\/strong><\/p>\n<p>\u00bb Envie not\u00edcias, sugest\u00f5es, den\u00fancias, cr\u00edticas e pedidos para a nossa Reda\u00e7\u00e3o \u2013 <a href=\"mailto:clickcarangola@gmail.com\">clickcarangola@gmail.com<\/a><\/p>\n","protected":false},"excerpt":{"rendered":"<p>Ser\u00e1 inaugurada hoje (23), com in\u00edcio previsto para \u00e0s 17h, a Vara da Justi\u00e7a Federal em Muria\u00e9. A Vara Federal fica na Avenida Doutor M\u00e1rio In\u00e1cio Carneiro, 535, Centro (ao lado da loja RG Pneus, pr\u00f3ximo ao viaduto). Diversas autoridades municipais e da regi\u00e3o estar\u00e3o presentes\u00a0ao evento que exige traje passeio completo. O novo pr\u00e9dio [&hellip;]<\/p>\n","protected":false},"author":2,"featured_media":0,"comment_status":"open","ping_status":"open","sticky":false,"template":"","format":"standard","meta":{"footnotes":""},"categories":[1],"tags":[],"class_list":["post-1069","post","type-post","status-publish","format-standard","hentry","category-regional"],"_links":{"self":[{"href":"https:\/\/clickcarangola.com.br\/site\/wp-json\/wp\/v2\/posts\/1069","targetHints":{"allow":["GET"]}}],"collection":[{"href":"https:\/\/clickcarangola.com.br\/site\/wp-json\/wp\/v2\/posts"}],"about":[{"href":"https:\/\/clickcarangola.com.br\/site\/wp-json\/wp\/v2\/types\/post"}],"author":[{"embeddable":true,"href":"https:\/\/clickcarangola.com.br\/site\/wp-json\/wp\/v2\/users\/2"}],"replies":[{"embeddable":true,"href":"https:\/\/clickcarangola.com.br\/site\/wp-json\/wp\/v2\/comments?post=1069"}],"version-history":[{"count":3,"href":"https:\/\/clickcarangola.com.br\/site\/wp-json\/wp\/v2\/posts\/1069\/revisions"}],"predecessor-version":[{"id":1073,"href":"https:\/\/clickcarangola.com.br\/site\/wp-json\/wp\/v2\/posts\/1069\/revisions\/1073"}],"wp:attachment":[{"href":"https:\/\/clickcarangola.com.br\/site\/wp-json\/wp\/v2\/media?parent=1069"}],"wp:term":[{"taxonomy":"category","embeddable":true,"href":"https:\/\/clickcarangola.com.br\/site\/wp-json\/wp\/v2\/categories?post=1069"},{"taxonomy":"post_tag","embeddable":true,"href":"https:\/\/clickcarangola.com.br\/site\/wp-json\/wp\/v2\/tags?post=1069"}],"curies":[{"name":"wp","href":"https:\/\/api.w.org\/{rel}","templated":true}]}}