{"id":1086,"date":"2011-09-26T11:26:44","date_gmt":"2011-09-26T14:26:44","guid":{"rendered":"https:\/\/clickcarangola.com.br\/site\/?p=1086"},"modified":"2011-09-26T11:39:06","modified_gmt":"2011-09-26T14:39:06","slug":"junta-comercial-sera-instalada-em-carangola","status":"publish","type":"post","link":"https:\/\/clickcarangola.com.br\/site\/26\/09\/2011\/junta-comercial-sera-instalada-em-carangola\/","title":{"rendered":"Junta Comercial ser\u00e1 instalada em Carangola"},"content":{"rendered":"<p style=\"text-align: justify;\"><span style=\"color: #888888;\"><img loading=\"lazy\" decoding=\"async\" class=\"alignleft size-medium wp-image-1087\" title=\"Minas-F\u00e1cil\" src=\"https:\/\/clickcarangola.com.br\/site\/wp-content\/uploads\/2011\/09\/Minas-F\u00e1cil-300x57.jpg\" alt=\"\" width=\"300\" height=\"57\" srcset=\"https:\/\/clickcarangola.com.br\/site\/wp-content\/uploads\/2011\/09\/Minas-F\u00e1cil-300x57.jpg 300w, https:\/\/clickcarangola.com.br\/site\/wp-content\/uploads\/2011\/09\/Minas-F\u00e1cil.jpg 536w\" sizes=\"auto, (max-width: 300px) 100vw, 300px\" \/>O Minas F\u00e1cil \u00e9 um servi\u00e7o prestado pela Junta Comercial do Estado de Minas Gerais &#8211;\u00a0Jucemg\u00a0em parceria com diversos \u00f3rg\u00e3os (Receita Federal do Brasil \u2013 RFB, Secretaria de Estado de Fazenda \u2013 SEF\/MG, Secretaria de Estado de Meio Ambiente \u2013 SEMAD, Vigil\u00e2ncia Sanit\u00e1ria &#8211; VISA, Corpo de Bombeiros Militar \u2013 CBMMG e Prefeituras Municipais) e apoiado pela Secretaria de Estado de Planejamento e Gest\u00e3o, por meio do Projeto Estruturador Descomplicar.<\/span><\/p>\n<p style=\"text-align: justify;\"><span style=\"color: #888888;\">Pelo servi\u00e7o Minas F\u00e1cil, o empreendedor pode abrir o seu neg\u00f3cio de maneira simplificada e \u00e1gil, em no m\u00e1ximo 8 dias.<\/span><\/p>\n<p style=\"text-align: justify;\"><span style=\"color: #888888;\"><img loading=\"lazy\" decoding=\"async\" class=\"alignleft size-medium wp-image-1088\" title=\"Prefeito Patrick em reuni\u00e3o com representantes da Junta Comercial.\" src=\"https:\/\/clickcarangola.com.br\/site\/wp-content\/uploads\/2011\/09\/Prefeito-Junta_01-300x225.jpg\" alt=\"\" width=\"300\" height=\"226\" srcset=\"https:\/\/clickcarangola.com.br\/site\/wp-content\/uploads\/2011\/09\/Prefeito-Junta_01-300x225.jpg 300w, https:\/\/clickcarangola.com.br\/site\/wp-content\/uploads\/2011\/09\/Prefeito-Junta_01-100x75.jpg 100w, https:\/\/clickcarangola.com.br\/site\/wp-content\/uploads\/2011\/09\/Prefeito-Junta_01.jpg 912w\" sizes=\"auto, (max-width: 300px) 100vw, 300px\" \/>O Minas F\u00e1cil ser\u00e1 uma importante ferramenta para as empresas e empres\u00e1rios de Carangola e toda a regi\u00e3o.<\/span><\/p>\n<p style=\"text-align: justify;\"><span style=\"color: #888888;\">Servi\u00e7os como abertura e fechamento de empresas, altera\u00e7\u00f5es contratuais e muitos outros servi\u00e7os estar\u00e3o dispon\u00edveis a partir de outubro\u00a0no pr\u00e9dio da Prefeitura Municipal\u00a0de Carangola.\u00a0Atualmente estes servi\u00e7os s\u00e3o feitos em Muria\u00e9.<\/span><\/p>\n<p style=\"text-align: justify;\"><span style=\"color: #888888;\"><img loading=\"lazy\" decoding=\"async\" class=\"alignleft size-medium wp-image-1089\" title=\"Prefeito Patrick em reuni\u00e3o com representantes da Junta Comercial.\" src=\"https:\/\/clickcarangola.com.br\/site\/wp-content\/uploads\/2011\/09\/Prefeito-Junta_02-300x202.jpg\" alt=\"\" width=\"300\" height=\"226\" \/><\/span><\/p>\n<p style=\"text-align: justify;\"><span style=\"color: #888888;\">\u00a0<\/span><\/p>\n<p style=\"text-align: justify;\"><span style=\"color: #888888;\">\u00a0<\/span><\/p>\n<p style=\"text-align: justify;\"><span style=\"color: #888888;\">\u00a0<\/span><\/p>\n<p style=\"text-align: justify;\"><span style=\"color: #888888;\">\u00a0<\/span><\/p>\n<p style=\"text-align: justify;\"><span style=\"color: #888888;\">\u00a0<\/span><\/p>\n<p style=\"text-align: justify;\"><span style=\"color: #888888;\">\u00a0<\/span><\/p>\n<p style=\"text-align: justify;\"><span style=\"color: #888888;\">O Prefeito Patrick Drumond assegurou para Carangola esta importante conquista que vir\u00e1 ainda mais impulsionar a economia local.<\/span><\/p>\n<p><strong><span style=\"color: #888888;\">Por: Click Carangola<\/span><\/strong><\/p>\n<p>\u00bb Envie not\u00edcias, sugest\u00f5es, den\u00fancias, cr\u00edticas e pedidos para a nossa Reda\u00e7\u00e3o \u2013 <a href=\"mailto:clickcarangola@gmail.com\">clickcarangola@gmail.com<\/a><\/p>\n","protected":false},"excerpt":{"rendered":"<p>O Minas F\u00e1cil \u00e9 um servi\u00e7o prestado pela Junta Comercial do Estado de Minas Gerais &#8211;\u00a0Jucemg\u00a0em parceria com diversos \u00f3rg\u00e3os (Receita Federal do Brasil \u2013 RFB, Secretaria de Estado de Fazenda \u2013 SEF\/MG, Secretaria de Estado de Meio Ambiente \u2013 SEMAD, Vigil\u00e2ncia Sanit\u00e1ria &#8211; VISA, Corpo de Bombeiros Militar \u2013 CBMMG e Prefeituras Municipais) e [&hellip;]<\/p>\n","protected":false},"author":2,"featured_media":0,"comment_status":"open","ping_status":"open","sticky":false,"template":"","format":"standard","meta":{"footnotes":""},"categories":[37,1],"tags":[],"class_list":["post-1086","post","type-post","status-publish","format-standard","hentry","category-carangola-mg","category-regional"],"_links":{"self":[{"href":"https:\/\/clickcarangola.com.br\/site\/wp-json\/wp\/v2\/posts\/1086","targetHints":{"allow":["GET"]}}],"collection":[{"href":"https:\/\/clickcarangola.com.br\/site\/wp-json\/wp\/v2\/posts"}],"about":[{"href":"https:\/\/clickcarangola.com.br\/site\/wp-json\/wp\/v2\/types\/post"}],"author":[{"embeddable":true,"href":"https:\/\/clickcarangola.com.br\/site\/wp-json\/wp\/v2\/users\/2"}],"replies":[{"embeddable":true,"href":"https:\/\/clickcarangola.com.br\/site\/wp-json\/wp\/v2\/comments?post=1086"}],"version-history":[{"count":5,"href":"https:\/\/clickcarangola.com.br\/site\/wp-json\/wp\/v2\/posts\/1086\/revisions"}],"predecessor-version":[{"id":1091,"href":"https:\/\/clickcarangola.com.br\/site\/wp-json\/wp\/v2\/posts\/1086\/revisions\/1091"}],"wp:attachment":[{"href":"https:\/\/clickcarangola.com.br\/site\/wp-json\/wp\/v2\/media?parent=1086"}],"wp:term":[{"taxonomy":"category","embeddable":true,"href":"https:\/\/clickcarangola.com.br\/site\/wp-json\/wp\/v2\/categories?post=1086"},{"taxonomy":"post_tag","embeddable":true,"href":"https:\/\/clickcarangola.com.br\/site\/wp-json\/wp\/v2\/tags?post=1086"}],"curies":[{"name":"wp","href":"https:\/\/api.w.org\/{rel}","templated":true}]}}