{"id":10901,"date":"2013-07-03T06:30:48","date_gmt":"2013-07-03T09:30:48","guid":{"rendered":"https:\/\/clickcarangola.com.br\/site\/?p=10901"},"modified":"2013-07-03T09:52:12","modified_gmt":"2013-07-03T12:52:12","slug":"homem-e-preso-acusado-de-ameacar-de-morte-a-propria-familia-em-sao-francisco-do-gloria","status":"publish","type":"post","link":"https:\/\/clickcarangola.com.br\/site\/03\/07\/2013\/homem-e-preso-acusado-de-ameacar-de-morte-a-propria-familia-em-sao-francisco-do-gloria\/","title":{"rendered":"Homem \u00e9 preso acusado de amea\u00e7ar de morte a pr\u00f3pria fam\u00edlia em S\u00e3o Francisco do Gl\u00f3ria"},"content":{"rendered":"<p style=\"text-align: justify;\"><span style=\"color: #888888;\"><img loading=\"lazy\" decoding=\"async\" class=\"size-full wp-image-10904 alignleft\" title=\"\" src=\"https:\/\/clickcarangola.com.br\/site\/wp-content\/uploads\/2013\/07\/Suspeito-01-07.jpg\" alt=\"\" width=\"300\" height=\"226\" srcset=\"https:\/\/clickcarangola.com.br\/site\/wp-content\/uploads\/2013\/07\/Suspeito-01-07.jpg 600w, https:\/\/clickcarangola.com.br\/site\/wp-content\/uploads\/2013\/07\/Suspeito-01-07-300x225.jpg 300w, https:\/\/clickcarangola.com.br\/site\/wp-content\/uploads\/2013\/07\/Suspeito-01-07-100x75.jpg 100w\" sizes=\"auto, (max-width: 300px) 100vw, 300px\" \/>Um homem foi preso na cidade e S\u00e3o Francisco do Gl\u00f3ria, acusado de amea\u00e7ar de morte a esposa e o filho de 11 anos, com uma foice, na tarde desta segunda-feira (1\u00ba).<\/span><\/p>\n<p style=\"text-align: justify;\"><span style=\"color: #888888;\">De acordo com a PM, o filho do suspeito chamou a pol\u00edcia e contou que o pai agride a esposa frequentemente e que na segunda (1\u00ba) voltou a fazer amea\u00e7as de morte a ela e ao garoto. O homem teria colocado uma foice debaixo do edredon, na cama do casal, dizendo que quando a mulher e o menino dormissem, ele os mataria.<!--more--><\/span><\/p>\n<p style=\"text-align: justify;\"><span style=\"color: #888888;\">Na casa da fam\u00edlia a esposa do acusado confirmou a vers\u00e3o do filho e os militares encontraram uma faca cravada em uma parede que, segundo a mulher, foi lan\u00e7ada pelo marido contra ela.<\/span><\/p>\n<p style=\"text-align: justify;\"><span style=\"color: #888888;\">A foice foi localizada na cama do casal, conforme a den\u00fancia, e o homem foi detido e conduzido para Muria\u00e9, onde foi apresentado \u00e0 Pol\u00edcia Civil.<\/span><\/p>\n<p style=\"text-align: justify;\"><span style=\"color: #888888;\">Ainda segundo a PM, em uma ocorr\u00eancia registrada recentemente, o suspeito aparece como autor de agress\u00f5es contra o filho que o denunciou. Com informa\u00e7\u00f5es da PM e R\u00e1dio Muria\u00e9.<\/span><\/p>\n<p style=\"text-align: justify;\"><span style=\"color: #ff0000;\">Confira as imagens:<\/span><\/p>\n<p style=\"text-align: justify;\"><img loading=\"lazy\" decoding=\"async\" class=\"alignnone size-full wp-image-10906\" title=\"\" src=\"https:\/\/clickcarangola.com.br\/site\/wp-content\/uploads\/2013\/07\/Foice-01-07.jpg\" alt=\"\" width=\"400\" height=\"300\" srcset=\"https:\/\/clickcarangola.com.br\/site\/wp-content\/uploads\/2013\/07\/Foice-01-07.jpg 600w, https:\/\/clickcarangola.com.br\/site\/wp-content\/uploads\/2013\/07\/Foice-01-07-300x225.jpg 300w, https:\/\/clickcarangola.com.br\/site\/wp-content\/uploads\/2013\/07\/Foice-01-07-100x75.jpg 100w\" sizes=\"auto, (max-width: 400px) 100vw, 400px\" \/><\/p>\n<p style=\"text-align: justify;\"><img loading=\"lazy\" decoding=\"async\" class=\"alignnone size-full wp-image-10908\" title=\"\" src=\"https:\/\/clickcarangola.com.br\/site\/wp-content\/uploads\/2013\/07\/PM-01-07.jpg\" alt=\"\" width=\"400\" height=\"300\" srcset=\"https:\/\/clickcarangola.com.br\/site\/wp-content\/uploads\/2013\/07\/PM-01-07.jpg 600w, https:\/\/clickcarangola.com.br\/site\/wp-content\/uploads\/2013\/07\/PM-01-07-300x225.jpg 300w, https:\/\/clickcarangola.com.br\/site\/wp-content\/uploads\/2013\/07\/PM-01-07-100x75.jpg 100w\" sizes=\"auto, (max-width: 400px) 100vw, 400px\" \/><\/p>\n<p style=\"text-align: justify;\"><span style=\"color: #888888;\">Por: Click Carangola | Sugest\u00f5es de pauta: <\/span><a href=\"mailto:clickcarangola@gmail.com\">clickcarangola@gmail.com<\/a><\/p>\n","protected":false},"excerpt":{"rendered":"<p>Um homem foi preso na cidade e S\u00e3o Francisco do Gl\u00f3ria, acusado de amea\u00e7ar de morte a esposa e o filho de 11 anos, com uma foice, na tarde desta segunda-feira (1\u00ba). De acordo com a PM, o filho do suspeito chamou a pol\u00edcia e contou que o pai agride a esposa frequentemente e que [&hellip;]<\/p>\n","protected":false},"author":2,"featured_media":0,"comment_status":"open","ping_status":"open","sticky":false,"template":"","format":"standard","meta":{"footnotes":""},"categories":[55],"tags":[],"class_list":["post-10901","post","type-post","status-publish","format-standard","hentry","category-saofranciscodogloria-mg"],"_links":{"self":[{"href":"https:\/\/clickcarangola.com.br\/site\/wp-json\/wp\/v2\/posts\/10901","targetHints":{"allow":["GET"]}}],"collection":[{"href":"https:\/\/clickcarangola.com.br\/site\/wp-json\/wp\/v2\/posts"}],"about":[{"href":"https:\/\/clickcarangola.com.br\/site\/wp-json\/wp\/v2\/types\/post"}],"author":[{"embeddable":true,"href":"https:\/\/clickcarangola.com.br\/site\/wp-json\/wp\/v2\/users\/2"}],"replies":[{"embeddable":true,"href":"https:\/\/clickcarangola.com.br\/site\/wp-json\/wp\/v2\/comments?post=10901"}],"version-history":[{"count":7,"href":"https:\/\/clickcarangola.com.br\/site\/wp-json\/wp\/v2\/posts\/10901\/revisions"}],"predecessor-version":[{"id":10903,"href":"https:\/\/clickcarangola.com.br\/site\/wp-json\/wp\/v2\/posts\/10901\/revisions\/10903"}],"wp:attachment":[{"href":"https:\/\/clickcarangola.com.br\/site\/wp-json\/wp\/v2\/media?parent=10901"}],"wp:term":[{"taxonomy":"category","embeddable":true,"href":"https:\/\/clickcarangola.com.br\/site\/wp-json\/wp\/v2\/categories?post=10901"},{"taxonomy":"post_tag","embeddable":true,"href":"https:\/\/clickcarangola.com.br\/site\/wp-json\/wp\/v2\/tags?post=10901"}],"curies":[{"name":"wp","href":"https:\/\/api.w.org\/{rel}","templated":true}]}}