{"id":1099,"date":"2011-09-26T12:17:46","date_gmt":"2011-09-26T15:17:46","guid":{"rendered":"https:\/\/clickcarangola.com.br\/site\/?p=1099"},"modified":"2011-09-26T23:14:48","modified_gmt":"2011-09-27T02:14:48","slug":"semana-do-idoso-comeca-nesta-segunda-feira-em-carangola","status":"publish","type":"post","link":"https:\/\/clickcarangola.com.br\/site\/26\/09\/2011\/semana-do-idoso-comeca-nesta-segunda-feira-em-carangola\/","title":{"rendered":"Semana do Idoso come\u00e7a nesta segunda-feira em Carangola"},"content":{"rendered":"<p style=\"text-align: justify;\"><span style=\"color: #888888;\"><img loading=\"lazy\" decoding=\"async\" class=\"alignleft size-medium wp-image-1100\" title=\"Semana do Idoso em Carangola.\" src=\"https:\/\/clickcarangola.com.br\/site\/wp-content\/uploads\/2011\/09\/Semana-do-Idoso-300x199.jpg\" alt=\"\" width=\"300\" height=\"226\" \/>Durante toda esta semana, a\u00a0Prefeitura de Carangola juntamente com a Secretaria Municipal de Sa\u00fade\u00a0realizar\u00e3o uma programa\u00e7\u00e3o especial em comemora\u00e7\u00e3o ao Dia do Idoso, celebrado em 1\u00ba de outubro, pr\u00f3ximo s\u00e1bado. A abertura oficial ocorre nesta segunda-feira, \u00e0s 19h, com palestras sobre &#8220;Pol\u00edticas P\u00fablicas para o idoso &#8211; Panorama Hist\u00f3rico&#8221;, no sal\u00e3o nobre da Favale\/UEMG.<\/span><\/p>\n<p style=\"text-align: justify;\"><span style=\"color: #888888;\">Mas a comemora\u00e7\u00e3o n\u00e3o para por a\u00ed. A aten\u00e7\u00e3o especial segue at\u00e9 sexta-feira. Est\u00e3o programadas oficinas de arte e lazer, atendimentos\u00a0\u00e0 sa\u00fade, atividades f\u00edsicas, oficinas de recrea\u00e7\u00e3o e beleza.<\/span><\/p>\n<p style=\"text-align: justify;\"><span style=\"color: #888888;\">Segundo as estat\u00edsticas, a popula\u00e7\u00e3o de idosos em Carangola chega a 8%, e eles ainda ter\u00e3o muitos motivos a comemorar. Deve ser inaugurado at\u00e9 o final de outubro, o Centro de Refer\u00eancia em Sa\u00fade do Idoso V\u00f3 Quita. A obra est\u00e1 em fase final em um anexo do Hospital Evang\u00e9lico, e vai atender a popula\u00e7\u00e3o idosa de Carangola e de toda a microrregi\u00e3o.<\/span><\/p>\n<p style=\"text-align: justify;\"><strong><span style=\"color: #888888;\">Por: Click Carangola<\/span><\/strong><\/p>\n<p>\u00bb Envie not\u00edcias, sugest\u00f5es, den\u00fancias, cr\u00edticas e pedidos para a nossa Reda\u00e7\u00e3o \u2013 <a href=\"mailto:clickcarangola@gmail.com\">clickcarangola@gmail.com<\/a><\/p>\n","protected":false},"excerpt":{"rendered":"<p>Durante toda esta semana, a\u00a0Prefeitura de Carangola juntamente com a Secretaria Municipal de Sa\u00fade\u00a0realizar\u00e3o uma programa\u00e7\u00e3o especial em comemora\u00e7\u00e3o ao Dia do Idoso, celebrado em 1\u00ba de outubro, pr\u00f3ximo s\u00e1bado. A abertura oficial ocorre nesta segunda-feira, \u00e0s 19h, com palestras sobre &#8220;Pol\u00edticas P\u00fablicas para o idoso &#8211; Panorama Hist\u00f3rico&#8221;, no sal\u00e3o nobre da Favale\/UEMG. Mas [&hellip;]<\/p>\n","protected":false},"author":2,"featured_media":0,"comment_status":"open","ping_status":"open","sticky":false,"template":"","format":"standard","meta":{"footnotes":""},"categories":[37,1],"tags":[],"class_list":["post-1099","post","type-post","status-publish","format-standard","hentry","category-carangola-mg","category-regional"],"_links":{"self":[{"href":"https:\/\/clickcarangola.com.br\/site\/wp-json\/wp\/v2\/posts\/1099","targetHints":{"allow":["GET"]}}],"collection":[{"href":"https:\/\/clickcarangola.com.br\/site\/wp-json\/wp\/v2\/posts"}],"about":[{"href":"https:\/\/clickcarangola.com.br\/site\/wp-json\/wp\/v2\/types\/post"}],"author":[{"embeddable":true,"href":"https:\/\/clickcarangola.com.br\/site\/wp-json\/wp\/v2\/users\/2"}],"replies":[{"embeddable":true,"href":"https:\/\/clickcarangola.com.br\/site\/wp-json\/wp\/v2\/comments?post=1099"}],"version-history":[{"count":4,"href":"https:\/\/clickcarangola.com.br\/site\/wp-json\/wp\/v2\/posts\/1099\/revisions"}],"predecessor-version":[{"id":1102,"href":"https:\/\/clickcarangola.com.br\/site\/wp-json\/wp\/v2\/posts\/1099\/revisions\/1102"}],"wp:attachment":[{"href":"https:\/\/clickcarangola.com.br\/site\/wp-json\/wp\/v2\/media?parent=1099"}],"wp:term":[{"taxonomy":"category","embeddable":true,"href":"https:\/\/clickcarangola.com.br\/site\/wp-json\/wp\/v2\/categories?post=1099"},{"taxonomy":"post_tag","embeddable":true,"href":"https:\/\/clickcarangola.com.br\/site\/wp-json\/wp\/v2\/tags?post=1099"}],"curies":[{"name":"wp","href":"https:\/\/api.w.org\/{rel}","templated":true}]}}