{"id":1135,"date":"2011-09-27T08:21:36","date_gmt":"2011-09-27T11:21:36","guid":{"rendered":"https:\/\/clickcarangola.com.br\/site\/?p=1135"},"modified":"2011-09-27T13:13:00","modified_gmt":"2011-09-27T16:13:00","slug":"agenda-regional-de-desenvolvimento-da-zona-da-mata-em-muriae","status":"publish","type":"post","link":"https:\/\/clickcarangola.com.br\/site\/27\/09\/2011\/agenda-regional-de-desenvolvimento-da-zona-da-mata-em-muriae\/","title":{"rendered":"Agenda Regional de Desenvolvimento da Zona da Mata em Muria\u00e9"},"content":{"rendered":"<p style=\"text-align: justify;\"><span style=\"color: #888888;\">Pol\u00edticos, empres\u00e1rios e representantes da sociedade civil se reuniram na tarde desta segunda-feira (26), em Muria\u00e9, no Teatro Zaccaria Marques\u00a0para a 3\u00aa Assembleia Regional da Zona da Mata. Esta foi a primeira vez que o evento foi realizada fora de Juiz de Fora.<\/span><\/p>\n<p style=\"text-align: justify;\"><span style=\"color: #888888;\"><img loading=\"lazy\" decoding=\"async\" class=\"alignleft size-medium wp-image-1140\" title=\"Imagem: Silvan Alves.\" src=\"https:\/\/clickcarangola.com.br\/site\/wp-content\/uploads\/2011\/09\/Assembleia_01-300x225.jpg\" alt=\"\" width=\"300\" height=\"226\" srcset=\"https:\/\/clickcarangola.com.br\/site\/wp-content\/uploads\/2011\/09\/Assembleia_01-300x225.jpg 300w, https:\/\/clickcarangola.com.br\/site\/wp-content\/uploads\/2011\/09\/Assembleia_01-100x75.jpg 100w, https:\/\/clickcarangola.com.br\/site\/wp-content\/uploads\/2011\/09\/Assembleia_01.jpg 532w\" sizes=\"auto, (max-width: 300px) 100vw, 300px\" \/><\/span><\/p>\n<p style=\"text-align: justify;\">\u00a0<span style=\"color: #888888;\"><span style=\"color: #888888;\"><span style=\"color: #888888;\">\u00a0<\/span><\/span><\/span><\/p>\n<p style=\"text-align: justify;\"><span style=\"color: #888888;\">\u00a0<\/span><\/p>\n<p style=\"text-align: justify;\"><span style=\"color: #888888;\">\u00a0<\/span><\/p>\n<p style=\"text-align: justify;\"><span style=\"color: #888888;\">\u00a0<\/span><\/p>\n<p style=\"text-align: justify;\"><span style=\"color: #888888;\">\u00a0<\/span><\/p>\n<p style=\"text-align: justify;\">\u00a0<\/p>\n<p style=\"text-align: justify;\"><span style=\"color: #888888;\">Na foto (Henrique Duque, Reitor UFJF, Jos\u00e9 Braz, Prefeito de Muria\u00e9 e Deputado Estadual, Braulio Braz).<\/span><\/p>\n<p style=\"text-align: justify;\"><span style=\"color: #888888;\">No encontro foram definidos os coordenadores para os 17 subprojetos j\u00e1 criados. Tamb\u00e9m ser\u00e1 definida uma agenda de a\u00e7\u00f5es e metas para dar in\u00edcio aos trabalhos de desenvolvimento da Zona da Mata.<\/span><\/p>\n<p style=\"text-align: justify;\"><span style=\"color: #888888;\"><img loading=\"lazy\" decoding=\"async\" class=\"alignleft size-medium wp-image-1141\" title=\"Imagem: Silvan Alves.\" src=\"https:\/\/clickcarangola.com.br\/site\/wp-content\/uploads\/2011\/09\/Assembleia_02-300x225.jpg\" alt=\"\" width=\"300\" height=\"226\" srcset=\"https:\/\/clickcarangola.com.br\/site\/wp-content\/uploads\/2011\/09\/Assembleia_02-300x225.jpg 300w, https:\/\/clickcarangola.com.br\/site\/wp-content\/uploads\/2011\/09\/Assembleia_02-100x75.jpg 100w, https:\/\/clickcarangola.com.br\/site\/wp-content\/uploads\/2011\/09\/Assembleia_02.jpg 532w\" sizes=\"auto, (max-width: 300px) 100vw, 300px\" \/><\/span><\/p>\n<p style=\"text-align: justify;\"><strong><span style=\"color: #888888;\">\u00a0<\/span><\/strong><\/p>\n<p style=\"text-align: justify;\"><strong><span style=\"color: #888888;\">\u00a0<\/span><\/strong><\/p>\n<p style=\"text-align: justify;\"><strong><span style=\"color: #888888;\">\u00a0<\/span><\/strong><\/p>\n<p style=\"text-align: justify;\"><strong><span style=\"color: #888888;\">\u00a0<\/span><\/strong><\/p>\n<p style=\"text-align: justify;\"><strong><span style=\"color: #888888;\">\u00a0<\/span><\/strong><\/p>\n<p style=\"text-align: justify;\"><strong><span style=\"color: #888888;\">\u00a0<\/span><\/strong><\/p>\n<p style=\"text-align: justify;\"><span style=\"color: #888888;\">A Zona da Mata \u00e9 formada por 142 munic\u00edpios que pertencem a sete microrregi\u00f5es: Cataguases, Juiz de Fora, Manhua\u00e7u, Muria\u00e9, Ponte Nova, Ub\u00e1 e Vi\u00e7osa onde se concentram 2,7 milh\u00f5es de habitantes.<\/span><\/p>\n<p style=\"text-align: justify;\"><span style=\"color: #888888;\"><img loading=\"lazy\" decoding=\"async\" class=\"alignleft size-medium wp-image-1142\" title=\"Imagem: Silvan Alves.\" src=\"https:\/\/clickcarangola.com.br\/site\/wp-content\/uploads\/2011\/09\/Assembleia_03-300x225.jpg\" alt=\"\" width=\"300\" height=\"226\" srcset=\"https:\/\/clickcarangola.com.br\/site\/wp-content\/uploads\/2011\/09\/Assembleia_03-300x225.jpg 300w, https:\/\/clickcarangola.com.br\/site\/wp-content\/uploads\/2011\/09\/Assembleia_03-100x75.jpg 100w, https:\/\/clickcarangola.com.br\/site\/wp-content\/uploads\/2011\/09\/Assembleia_03.jpg 532w\" sizes=\"auto, (max-width: 300px) 100vw, 300px\" \/><\/span><\/p>\n<p style=\"text-align: justify;\"><strong><span style=\"color: #888888;\">\u00a0<\/span><\/strong><\/p>\n<p style=\"text-align: justify;\"><strong><span style=\"color: #888888;\">\u00a0<\/span><\/strong><\/p>\n<p style=\"text-align: justify;\"><strong><span style=\"color: #888888;\">\u00a0<\/span><\/strong><\/p>\n<p style=\"text-align: justify;\"><strong><span style=\"color: #888888;\">\u00a0<\/span><\/strong><\/p>\n<p style=\"text-align: justify;\"><strong><span style=\"color: #888888;\">\u00a0<\/span><\/strong><\/p>\n<p style=\"text-align: justify;\"><strong><span style=\"color: #888888;\">\u00a0<\/span><\/strong><\/p>\n<p style=\"text-align: justify;\"><strong><span style=\"color: #888888;\">Por: Click Carangola<\/span><\/strong><\/p>\n<p>\u00bb Envie not\u00edcias, sugest\u00f5es, den\u00fancias, cr\u00edticas e pedidos para a nossa Reda\u00e7\u00e3o \u2013 <a href=\"mailto:clickcarangola@gmail.com\">clickcarangola@gmail.com<\/a><\/p>\n","protected":false},"excerpt":{"rendered":"<p>Pol\u00edticos, empres\u00e1rios e representantes da sociedade civil se reuniram na tarde desta segunda-feira (26), em Muria\u00e9, no Teatro Zaccaria Marques\u00a0para a 3\u00aa Assembleia Regional da Zona da Mata. Esta foi a primeira vez que o evento foi realizada fora de Juiz de Fora. \u00a0\u00a0 \u00a0 \u00a0 \u00a0 \u00a0 \u00a0 Na foto (Henrique Duque, Reitor UFJF, [&hellip;]<\/p>\n","protected":false},"author":2,"featured_media":0,"comment_status":"open","ping_status":"open","sticky":false,"template":"","format":"standard","meta":{"footnotes":""},"categories":[1],"tags":[],"class_list":["post-1135","post","type-post","status-publish","format-standard","hentry","category-regional"],"_links":{"self":[{"href":"https:\/\/clickcarangola.com.br\/site\/wp-json\/wp\/v2\/posts\/1135","targetHints":{"allow":["GET"]}}],"collection":[{"href":"https:\/\/clickcarangola.com.br\/site\/wp-json\/wp\/v2\/posts"}],"about":[{"href":"https:\/\/clickcarangola.com.br\/site\/wp-json\/wp\/v2\/types\/post"}],"author":[{"embeddable":true,"href":"https:\/\/clickcarangola.com.br\/site\/wp-json\/wp\/v2\/users\/2"}],"replies":[{"embeddable":true,"href":"https:\/\/clickcarangola.com.br\/site\/wp-json\/wp\/v2\/comments?post=1135"}],"version-history":[{"count":7,"href":"https:\/\/clickcarangola.com.br\/site\/wp-json\/wp\/v2\/posts\/1135\/revisions"}],"predecessor-version":[{"id":1139,"href":"https:\/\/clickcarangola.com.br\/site\/wp-json\/wp\/v2\/posts\/1135\/revisions\/1139"}],"wp:attachment":[{"href":"https:\/\/clickcarangola.com.br\/site\/wp-json\/wp\/v2\/media?parent=1135"}],"wp:term":[{"taxonomy":"category","embeddable":true,"href":"https:\/\/clickcarangola.com.br\/site\/wp-json\/wp\/v2\/categories?post=1135"},{"taxonomy":"post_tag","embeddable":true,"href":"https:\/\/clickcarangola.com.br\/site\/wp-json\/wp\/v2\/tags?post=1135"}],"curies":[{"name":"wp","href":"https:\/\/api.w.org\/{rel}","templated":true}]}}