{"id":11545,"date":"2013-07-19T06:15:21","date_gmt":"2013-07-19T09:15:21","guid":{"rendered":"https:\/\/clickcarangola.com.br\/site\/?p=11545"},"modified":"2013-07-20T11:44:33","modified_gmt":"2013-07-20T14:44:33","slug":"sao-francisco-do-gloria-em-festa","status":"publish","type":"post","link":"https:\/\/clickcarangola.com.br\/site\/19\/07\/2013\/sao-francisco-do-gloria-em-festa\/","title":{"rendered":"Agenda: S\u00e3o Francisco do Gl\u00f3ria em festa"},"content":{"rendered":"<p style=\"text-align: justify;\"><span style=\"color: #888888;\"><img loading=\"lazy\" decoding=\"async\" class=\"size-full wp-image-11546 alignleft\" title=\"\" src=\"https:\/\/clickcarangola.com.br\/site\/wp-content\/uploads\/2013\/07\/SFG-Festa.jpg\" alt=\"\" width=\"300\" height=\"226\" srcset=\"https:\/\/clickcarangola.com.br\/site\/wp-content\/uploads\/2013\/07\/SFG-Festa.jpg 400w, https:\/\/clickcarangola.com.br\/site\/wp-content\/uploads\/2013\/07\/SFG-Festa-300x225.jpg 300w, https:\/\/clickcarangola.com.br\/site\/wp-content\/uploads\/2013\/07\/SFG-Festa-100x75.jpg 100w\" sizes=\"auto, (max-width: 300px) 100vw, 300px\" \/>A cidade de S\u00e3o Francisco do Gl\u00f3ria aguarda milhares de visitantes neste final de semana, com a realiza\u00e7\u00e3o da \u201c26\u00aa Festa do Franciscano Ausente\u201d, um evento promovido pela Prefeitura, com apoio da Secretaria de Cultura e da C\u00e2mara de Vereadores.<\/span><\/p>\n<p style=\"text-align: justify;\"><span style=\"color: #888888;\">As atividades acontecem no Parque de Exposi\u00e7\u00f5es do munic\u00edpio, com uma programa\u00e7\u00e3o que inclui ordenhas, shows, atra\u00e7\u00f5es infantis e DJs todos os dias. A entrada \u00e9 franca.<!--more--><\/span><\/p>\n<p style=\"text-align: justify;\"><span style=\"color: #ff0000;\">Confira a programa\u00e7\u00e3o:<\/span><\/p>\n<p style=\"text-align: justify;\"><span style=\"color: #888888;\">Quinta-feira &#8211; (18\/07)<\/span><\/p>\n<p style=\"text-align: justify;\"><span style=\"color: #888888;\">1\u00aa Ordenha a partir das 08:00hs<\/span><br \/>\n<span style=\"color: #888888;\"> 2\u00aa Ordenha a partir das 20:00hs<\/span><br \/>\n<span style=\"color: #888888;\"> Banda Minist\u00e9rio Eff\u00e1ta \u00e0s 21:00hs<\/span><\/p>\n<p style=\"text-align: justify;\"><span style=\"color: #888888;\">Sexta-feira &#8211; (19\/07)<\/span><\/p>\n<p style=\"text-align: justify;\"><span style=\"color: #888888;\">3\u00aa Ordenha a partir das 08:00hs<\/span><br \/>\n<span style=\"color: #888888;\"> 4\u00aa Ordenha a partir das 20:00hs<\/span><br \/>\n<span style=\"color: #888888;\"> Relber e Allan \u00e0s 23:00 hs<\/span><br \/>\n<span style=\"color: #888888;\"> Banda MG3 \u00e0s 01:00<\/span><\/p>\n<p style=\"text-align: justify;\"><span style=\"color: #888888;\">S\u00e1bado &#8211; (20\/07)<\/span><\/p>\n<p style=\"text-align: justify;\"><span style=\"color: #888888;\">5\u00aa Ordenha a partir das 08:00hs<\/span><br \/>\n<span style=\"color: #888888;\"> 6\u00aa Ordenha a partir das 20:00hs<\/span><br \/>\n<span style=\"color: #888888;\"> Banda Quarta Dimens\u00e3o \u00e0s 23:00hs<\/span><\/p>\n<p style=\"text-align: justify;\"><span style=\"color: #888888;\">Domingo &#8211; (21\/07)<\/span><\/p>\n<p style=\"text-align: justify;\"><span style=\"color: #888888;\">Atra\u00e7\u00e3o infantil com Turma da Batatinha \u00e1s 15:00hs<\/span><br \/>\n<span style=\"color: #888888;\">Mineiros do Pagode \u00e1s 17:00hs<\/span><br \/>\n<span style=\"color: #888888;\">Banda Ax\u00e9 Mondo \u00e0s 20:00hs<\/span><\/p>\n<p style=\"text-align: justify;\"><span style=\"color: #888888;\">Por: Click Carangola | Sugest\u00f5es de pauta: <\/span><a href=\"mailto:clickcarangola@gmail.com\">clickcarangola@gmail.com<\/a><\/p>\n","protected":false},"excerpt":{"rendered":"<p>A cidade de S\u00e3o Francisco do Gl\u00f3ria aguarda milhares de visitantes neste final de semana, com a realiza\u00e7\u00e3o da \u201c26\u00aa Festa do Franciscano Ausente\u201d, um evento promovido pela Prefeitura, com apoio da Secretaria de Cultura e da C\u00e2mara de Vereadores. As atividades acontecem no Parque de Exposi\u00e7\u00f5es do munic\u00edpio, com uma programa\u00e7\u00e3o que inclui ordenhas, [&hellip;]<\/p>\n","protected":false},"author":2,"featured_media":0,"comment_status":"open","ping_status":"open","sticky":false,"template":"","format":"standard","meta":{"footnotes":""},"categories":[55],"tags":[],"class_list":["post-11545","post","type-post","status-publish","format-standard","hentry","category-saofranciscodogloria-mg"],"_links":{"self":[{"href":"https:\/\/clickcarangola.com.br\/site\/wp-json\/wp\/v2\/posts\/11545","targetHints":{"allow":["GET"]}}],"collection":[{"href":"https:\/\/clickcarangola.com.br\/site\/wp-json\/wp\/v2\/posts"}],"about":[{"href":"https:\/\/clickcarangola.com.br\/site\/wp-json\/wp\/v2\/types\/post"}],"author":[{"embeddable":true,"href":"https:\/\/clickcarangola.com.br\/site\/wp-json\/wp\/v2\/users\/2"}],"replies":[{"embeddable":true,"href":"https:\/\/clickcarangola.com.br\/site\/wp-json\/wp\/v2\/comments?post=11545"}],"version-history":[{"count":9,"href":"https:\/\/clickcarangola.com.br\/site\/wp-json\/wp\/v2\/posts\/11545\/revisions"}],"predecessor-version":[{"id":11548,"href":"https:\/\/clickcarangola.com.br\/site\/wp-json\/wp\/v2\/posts\/11545\/revisions\/11548"}],"wp:attachment":[{"href":"https:\/\/clickcarangola.com.br\/site\/wp-json\/wp\/v2\/media?parent=11545"}],"wp:term":[{"taxonomy":"category","embeddable":true,"href":"https:\/\/clickcarangola.com.br\/site\/wp-json\/wp\/v2\/categories?post=11545"},{"taxonomy":"post_tag","embeddable":true,"href":"https:\/\/clickcarangola.com.br\/site\/wp-json\/wp\/v2\/tags?post=11545"}],"curies":[{"name":"wp","href":"https:\/\/api.w.org\/{rel}","templated":true}]}}