{"id":1204,"date":"2011-09-28T07:50:13","date_gmt":"2011-09-28T10:50:13","guid":{"rendered":"https:\/\/clickcarangola.com.br\/site\/?p=1204"},"modified":"2012-02-14T10:34:59","modified_gmt":"2012-02-14T13:34:59","slug":"pai-e-filho-sofrem-emboscada-em-pedra-bonita","status":"publish","type":"post","link":"https:\/\/clickcarangola.com.br\/site\/28\/09\/2011\/pai-e-filho-sofrem-emboscada-em-pedra-bonita\/","title":{"rendered":"Pai e filho sofrem emboscada em Pedra Bonita"},"content":{"rendered":"<p style=\"text-align: justify;\"><span style=\"color: #888888;\">Pai e filho foram v\u00edtimas de uma emboscada na noite deste domingo (25), na regi\u00e3o do C\u00f3rrego dos Mata, na zona rural de Pedra Bonita.<\/span><\/p>\n<p style=\"text-align: justify;\"><span style=\"color: #888888;\">Devaci Vitor de Souza, 26 anos, pilotava uma motocicleta levando o pai Argemiro Vitor de Souza, 58 anos, na garupa. Por volta de 21 horas, quando chegavam em casa retornando da igreja, pela estrada de acesso a propriedade, ouviram o barulho de disparos.<\/span><\/p>\n<p style=\"text-align: justify;\"><span style=\"color: #888888;\">Uma das balas acertou a perna direita de Argemiro. Ele e o filho jogaram a luz da lanterna para o lado em que ouviram os tiros. Chegaram a ver os tr\u00eas homens entre alguns eucaliptos.<\/span><\/p>\n<p style=\"text-align: justify;\"><span style=\"color: #888888;\">A Pol\u00edcia Militar foi chamada e foi at\u00e9 a casa dos suspeitos. Eles negaram terem sa\u00eddo de casa na noite de domingo e afirmaram que n\u00e3o tinham armas. Os nomes dos suspeitos foram passados para a Delegacia de Pol\u00edcia Civil.<\/span><\/p>\n<p style=\"text-align: justify;\"><span style=\"color: #888888;\">Argemiro foi socorrido e\u00a0levado\u00a0para o Hospital Casa de Caridade, em Carangola. Com i<\/span><span style=\"color: #888888;\">nforma\u00e7\u00f5es da PM e Portal Capara\u00f3.<\/span><\/p>\n<p style=\"text-align: justify;\"><strong><span style=\"color: #888888;\">Por: Click Carangola<\/span><\/strong><\/p>\n<p>\u00bb Envie not\u00edcias, sugest\u00f5es, den\u00fancias, cr\u00edticas e pedidos para a nossa Reda\u00e7\u00e3o \u2013 <a href=\"mailto:clickcarangola@gmail.com\">clickcarangola@gmail.com<\/a><\/p>\n","protected":false},"excerpt":{"rendered":"<p>Pai e filho foram v\u00edtimas de uma emboscada na noite deste domingo (25), na regi\u00e3o do C\u00f3rrego dos Mata, na zona rural de Pedra Bonita. Devaci Vitor de Souza, 26 anos, pilotava uma motocicleta levando o pai Argemiro Vitor de Souza, 58 anos, na garupa. Por volta de 21 horas, quando chegavam em casa retornando [&hellip;]<\/p>\n","protected":false},"author":2,"featured_media":0,"comment_status":"open","ping_status":"open","sticky":false,"template":"","format":"standard","meta":{"footnotes":""},"categories":[1],"tags":[],"class_list":["post-1204","post","type-post","status-publish","format-standard","hentry","category-regional"],"_links":{"self":[{"href":"https:\/\/clickcarangola.com.br\/site\/wp-json\/wp\/v2\/posts\/1204","targetHints":{"allow":["GET"]}}],"collection":[{"href":"https:\/\/clickcarangola.com.br\/site\/wp-json\/wp\/v2\/posts"}],"about":[{"href":"https:\/\/clickcarangola.com.br\/site\/wp-json\/wp\/v2\/types\/post"}],"author":[{"embeddable":true,"href":"https:\/\/clickcarangola.com.br\/site\/wp-json\/wp\/v2\/users\/2"}],"replies":[{"embeddable":true,"href":"https:\/\/clickcarangola.com.br\/site\/wp-json\/wp\/v2\/comments?post=1204"}],"version-history":[{"count":7,"href":"https:\/\/clickcarangola.com.br\/site\/wp-json\/wp\/v2\/posts\/1204\/revisions"}],"predecessor-version":[{"id":1206,"href":"https:\/\/clickcarangola.com.br\/site\/wp-json\/wp\/v2\/posts\/1204\/revisions\/1206"}],"wp:attachment":[{"href":"https:\/\/clickcarangola.com.br\/site\/wp-json\/wp\/v2\/media?parent=1204"}],"wp:term":[{"taxonomy":"category","embeddable":true,"href":"https:\/\/clickcarangola.com.br\/site\/wp-json\/wp\/v2\/categories?post=1204"},{"taxonomy":"post_tag","embeddable":true,"href":"https:\/\/clickcarangola.com.br\/site\/wp-json\/wp\/v2\/tags?post=1204"}],"curies":[{"name":"wp","href":"https:\/\/api.w.org\/{rel}","templated":true}]}}