{"id":1212,"date":"2011-09-28T09:51:02","date_gmt":"2011-09-28T12:51:02","guid":{"rendered":"https:\/\/clickcarangola.com.br\/site\/?p=1212"},"modified":"2011-09-28T13:45:28","modified_gmt":"2011-09-28T16:45:28","slug":"professores-de-mg-decidem-suspender-greve-e-voltar-ao-trabalho","status":"publish","type":"post","link":"https:\/\/clickcarangola.com.br\/site\/28\/09\/2011\/professores-de-mg-decidem-suspender-greve-e-voltar-ao-trabalho\/","title":{"rendered":"Professores de MG decidem suspender greve e voltar ao trabalho"},"content":{"rendered":"<p style=\"text-align: justify;\"><span style=\"color: #888888;\"><img loading=\"lazy\" decoding=\"async\" class=\"alignleft size-full wp-image-1213\" title=\"Informa\u00e7\u00f5es: Megaminas.com\" src=\"https:\/\/clickcarangola.com.br\/site\/wp-content\/uploads\/2011\/09\/Professores.jpg\" alt=\"\" width=\"300\" height=\"226\" \/>Os professores da rede estadual de ensino decidiram suspender a greve da categoria durante reuni\u00e3o na noite desta ter\u00e7a-feira (27), na Assembleia Legislativa de Minas Gerais. De acordo com o Sindicato \u00danico dos Trabalhos em Educa\u00e7\u00e3o em Minas Gerais (Sind-UTE\/MG), a categoria volta ao trabalho nesta quinta-feira (27), e as aulas nas escolas estaduais se normalizam ainda nesta semana.<\/span><\/p>\n<p style=\"text-align: justify;\"><span style=\"color: #888888;\">Ainda segundo o Sind-UTE, a categoria segue em estado de greve e em outubro ser\u00e1 feita uma assembleia para avalia\u00e7\u00e3o das negocia\u00e7\u00f5es. A decis\u00e3o dos trabalhadores foi tomada ap\u00f3s uma reuni\u00e3o realizada na tarde desta ter\u00e7a-feira, na Cidade Administrativa, entre o secret\u00e1rio de estado do governo, Danilo de Castro, e deputados.<\/span><\/p>\n<p style=\"text-align: justify;\"><span style=\"color: #888888;\">No encontro foram apresentadas algumas propostas aos professores grevistas. A Secretaria de Estado de Educa\u00e7\u00e3o disse que as proposi\u00e7\u00f5es j\u00e1 haviam sido feitas anteriormente.<\/span><\/p>\n<p style=\"text-align: justify;\"><span style=\"color: #888888;\">Entre as propostas est\u00e3o a cria\u00e7\u00e3o de uma comiss\u00e3o para negocia\u00e7\u00e3o salarial, formada por representantes do governo, deputados e sindicato; a revers\u00e3o de algumas puni\u00e7\u00f5es impostas a categoria decorrentes da greve; e a suspens\u00e3o do Projeto de Lei 2.355\/11, que prev\u00ea mudan\u00e7as na pol\u00edtica salarial dos servidores da educa\u00e7\u00e3o do estado.<\/span><\/p>\n<p style=\"text-align: justify;\"><span style=\"color: #888888;\">A secret\u00e1ria de educa\u00e7\u00e3o, Ana L\u00facia Gazzola, disse ao G1 que o ano letivo vai ser cumprido em todas as escolas de \u201cforma correta\u201d,\u00a0 ou seja, como prev\u00ea a lei. A greve dos professores da rede estadual de ensino de Minas Gerais durou 112 dias.<\/span><\/p>\n<p style=\"text-align: justify;\"><span style=\"color: #888888;\">De acordo com a coordenadora geral da subsede do Sind-Ute em Juiz de Fora, est\u00e1 marcada para esta quarta-feira (28) \u00e0s 16h, uma assembleia regional para passar as diretrizes definidas ontem em Belo Horizonte. Ainda segundo a coordenadora, as aulas ser\u00e3o retomadas nesta quinta-feira (29) nas escolas estaduais.<\/span><\/p>\n<p style=\"text-align: justify;\"><strong><span style=\"color: #888888;\">Por: Click Carangola<\/span><\/strong><\/p>\n<p>\u00bb Envie not\u00edcias, sugest\u00f5es, den\u00fancias, cr\u00edticas e pedidos para a nossa Reda\u00e7\u00e3o \u2013 <a href=\"mailto:clickcarangola@gmail.com\">clickcarangola@gmail.com<\/a><\/p>\n","protected":false},"excerpt":{"rendered":"<p>Os professores da rede estadual de ensino decidiram suspender a greve da categoria durante reuni\u00e3o na noite desta ter\u00e7a-feira (27), na Assembleia Legislativa de Minas Gerais. De acordo com o Sindicato \u00danico dos Trabalhos em Educa\u00e7\u00e3o em Minas Gerais (Sind-UTE\/MG), a categoria volta ao trabalho nesta quinta-feira (27), e as aulas nas escolas estaduais se [&hellip;]<\/p>\n","protected":false},"author":2,"featured_media":0,"comment_status":"open","ping_status":"open","sticky":false,"template":"","format":"standard","meta":{"footnotes":""},"categories":[1],"tags":[],"class_list":["post-1212","post","type-post","status-publish","format-standard","hentry","category-regional"],"_links":{"self":[{"href":"https:\/\/clickcarangola.com.br\/site\/wp-json\/wp\/v2\/posts\/1212","targetHints":{"allow":["GET"]}}],"collection":[{"href":"https:\/\/clickcarangola.com.br\/site\/wp-json\/wp\/v2\/posts"}],"about":[{"href":"https:\/\/clickcarangola.com.br\/site\/wp-json\/wp\/v2\/types\/post"}],"author":[{"embeddable":true,"href":"https:\/\/clickcarangola.com.br\/site\/wp-json\/wp\/v2\/users\/2"}],"replies":[{"embeddable":true,"href":"https:\/\/clickcarangola.com.br\/site\/wp-json\/wp\/v2\/comments?post=1212"}],"version-history":[{"count":2,"href":"https:\/\/clickcarangola.com.br\/site\/wp-json\/wp\/v2\/posts\/1212\/revisions"}],"predecessor-version":[{"id":1215,"href":"https:\/\/clickcarangola.com.br\/site\/wp-json\/wp\/v2\/posts\/1212\/revisions\/1215"}],"wp:attachment":[{"href":"https:\/\/clickcarangola.com.br\/site\/wp-json\/wp\/v2\/media?parent=1212"}],"wp:term":[{"taxonomy":"category","embeddable":true,"href":"https:\/\/clickcarangola.com.br\/site\/wp-json\/wp\/v2\/categories?post=1212"},{"taxonomy":"post_tag","embeddable":true,"href":"https:\/\/clickcarangola.com.br\/site\/wp-json\/wp\/v2\/tags?post=1212"}],"curies":[{"name":"wp","href":"https:\/\/api.w.org\/{rel}","templated":true}]}}