{"id":12193,"date":"2013-08-09T06:30:17","date_gmt":"2013-08-09T09:30:17","guid":{"rendered":"https:\/\/clickcarangola.com.br\/site\/?p=12193"},"modified":"2013-08-09T09:45:37","modified_gmt":"2013-08-09T12:45:37","slug":"duas-pessoas-morrem-em-acidente-na-mg-111","status":"publish","type":"post","link":"https:\/\/clickcarangola.com.br\/site\/09\/08\/2013\/duas-pessoas-morrem-em-acidente-na-mg-111\/","title":{"rendered":"Duas pessoas morrem em acidente na MG-111"},"content":{"rendered":"<p style=\"text-align: justify;\"><span style=\"color: #888888;\"><img loading=\"lazy\" decoding=\"async\" class=\"size-full wp-image-12197 alignleft\" title=\"\" src=\"https:\/\/clickcarangola.com.br\/site\/wp-content\/uploads\/2013\/08\/Acidente-Alt-Jeq-01.jpg\" alt=\"\" width=\"300\" height=\"226\" \/>Not\u00edcias em tempo real: Duas pessoas morreram num acidente no km 117 da MG-111 envolvendo um caminh\u00e3o e tr\u00eas ve\u00edculos. A colis\u00e3o foi na noite desta quinta-feira, 08\/08, na serra pr\u00f3xima ao mirante do Belvedere, no distrito de Padre J\u00falio Maria (Vargem Grande), em Alto Jequitib\u00e1.<\/span><\/p>\n<p style=\"text-align: justify;\"><span style=\"color: #888888;\">Luiz Carlos Zefereino, 54 anos, descia a rodovia dirigindo um caminh\u00e3o Mercedes Benz, no sentido Capara\u00f3\/Alto Jequitib\u00e1, quando o ve\u00edculo apresentou problema no sistema de freio. Ele invadiu a contram\u00e3o e passou por cima de um Astra. Em seguida, sem conseguir parar, atingiu um Gol e um Saveiro, que estavam descendo a serra, \u00e0 frente dele.<!--more--><\/span><\/p>\n<p style=\"text-align: justify;\"><span style=\"color: #888888;\">O motorista do Astra, Jos\u00e9 Mauro Gra\u00e7a Corr\u00eaa, 44 anos, de Carangola, morreu preso \u00e0s ferragens. O passageiro Valter Ventura Peron, 59 anos, foi socorrido para a Casa de Caridade de Carangola, com ferimentos graves, e faleceu na madrugada desta sexta-feira.<\/span><\/p>\n<p style=\"text-align: justify;\"><span style=\"color: #888888;\">Divino Lino de Souza, 43 anos, viajava com o irm\u00e3o no ve\u00edculo Gol. Os dois sa\u00edram ilesos do acidente. \u201cEu s\u00f3 lembro quando ouvi o barulho do caminh\u00e3o atingindo o Astra e, em seguida, ele j\u00e1 foi empurrando meu carro contra o barranco\u201d.<\/span><\/p>\n<p style=\"text-align: justify;\"><span style=\"color: #888888;\">Arcendino Sindra, 52 anos, dirigia a Saveiro. O caminh\u00e3o parou em cima da carroceria do utilit\u00e1rio dele. \u201cEu ouvi o barulho como se fossem tiros e, quando percebi, fui atingido. N\u00e3o aconteceu nada comigo. Sempre tive muita f\u00e9 em Deus e sei que foi Ele que me protegeu\u201d, contou aliviado.<\/span><\/p>\n<p style=\"text-align: justify;\"><span style=\"color: #888888;\">A ocorr\u00eancia foi registrada pela Pol\u00edcia Militar Rodovi\u00e1ria. Equipes do Corpo de Bombeiros e da Pol\u00edcia Militar auxiliaram no atendimento da ocorr\u00eancia. Com informa\u00e7\u00f5es do site portalcaparao.com.br.<\/span><\/p>\n<p style=\"text-align: justify;\"><span style=\"color: #ff0000;\">Confira as imagens:<\/span><\/p>\n<div class=\"mceTemp\">\n<dl id=\"attachment_12198\" class=\"wp-caption alignnone\" style=\"width: 410px;\">\n<dt class=\"wp-caption-dt\"><img loading=\"lazy\" decoding=\"async\" class=\"size-full wp-image-12198\" src=\"https:\/\/clickcarangola.com.br\/site\/wp-content\/uploads\/2013\/08\/Acidente-Alt-Jeq-02.jpg\" alt=\"\" width=\"400\" height=\"266\" srcset=\"https:\/\/clickcarangola.com.br\/site\/wp-content\/uploads\/2013\/08\/Acidente-Alt-Jeq-02.jpg 400w, https:\/\/clickcarangola.com.br\/site\/wp-content\/uploads\/2013\/08\/Acidente-Alt-Jeq-02-300x199.jpg 300w\" sizes=\"auto, (max-width: 400px) 100vw, 400px\" \/><\/dt>\n<\/dl>\n<\/div>\n<div class=\"mceTemp\">\n<dl id=\"attachment_12199\" class=\"wp-caption alignnone\" style=\"width: 410px;\">\n<dt class=\"wp-caption-dt\"><img loading=\"lazy\" decoding=\"async\" class=\"size-full wp-image-12199\" src=\"https:\/\/clickcarangola.com.br\/site\/wp-content\/uploads\/2013\/08\/Acidente-Alt-Jeq-03.jpg\" alt=\"\" width=\"400\" height=\"266\" srcset=\"https:\/\/clickcarangola.com.br\/site\/wp-content\/uploads\/2013\/08\/Acidente-Alt-Jeq-03.jpg 400w, https:\/\/clickcarangola.com.br\/site\/wp-content\/uploads\/2013\/08\/Acidente-Alt-Jeq-03-300x199.jpg 300w\" sizes=\"auto, (max-width: 400px) 100vw, 400px\" \/><\/dt>\n<\/dl>\n<\/div>\n<div class=\"mceTemp\">\n<dl id=\"attachment_12200\" class=\"wp-caption alignnone\" style=\"width: 410px;\">\n<dt class=\"wp-caption-dt\"><img loading=\"lazy\" decoding=\"async\" class=\"size-full wp-image-12200\" src=\"https:\/\/clickcarangola.com.br\/site\/wp-content\/uploads\/2013\/08\/Acidente-Alt-Jeq-04.jpg\" alt=\"\" width=\"400\" height=\"266\" srcset=\"https:\/\/clickcarangola.com.br\/site\/wp-content\/uploads\/2013\/08\/Acidente-Alt-Jeq-04.jpg 400w, https:\/\/clickcarangola.com.br\/site\/wp-content\/uploads\/2013\/08\/Acidente-Alt-Jeq-04-300x199.jpg 300w\" sizes=\"auto, (max-width: 400px) 100vw, 400px\" \/><\/dt>\n<\/dl>\n<\/div>\n<div class=\"mceTemp\">\n<dl id=\"attachment_12201\" class=\"wp-caption alignnone\" style=\"width: 410px;\">\n<dt class=\"wp-caption-dt\"><img loading=\"lazy\" decoding=\"async\" class=\"size-full wp-image-12201\" src=\"https:\/\/clickcarangola.com.br\/site\/wp-content\/uploads\/2013\/08\/Acidente-Alt-Jeq-05.jpg\" alt=\"\" width=\"400\" height=\"266\" srcset=\"https:\/\/clickcarangola.com.br\/site\/wp-content\/uploads\/2013\/08\/Acidente-Alt-Jeq-05.jpg 400w, https:\/\/clickcarangola.com.br\/site\/wp-content\/uploads\/2013\/08\/Acidente-Alt-Jeq-05-300x199.jpg 300w\" sizes=\"auto, (max-width: 400px) 100vw, 400px\" \/><\/dt>\n<\/dl>\n<\/div>\n<div class=\"mceTemp\">\n<dl id=\"attachment_12202\" class=\"wp-caption alignnone\" style=\"width: 410px;\">\n<dt class=\"wp-caption-dt\"><img loading=\"lazy\" decoding=\"async\" class=\"size-full wp-image-12202\" src=\"https:\/\/clickcarangola.com.br\/site\/wp-content\/uploads\/2013\/08\/Acidente-Alt-Jeq-06.jpg\" alt=\"\" width=\"400\" height=\"266\" srcset=\"https:\/\/clickcarangola.com.br\/site\/wp-content\/uploads\/2013\/08\/Acidente-Alt-Jeq-06.jpg 400w, https:\/\/clickcarangola.com.br\/site\/wp-content\/uploads\/2013\/08\/Acidente-Alt-Jeq-06-300x199.jpg 300w\" sizes=\"auto, (max-width: 400px) 100vw, 400px\" \/><\/dt>\n<\/dl>\n<\/div>\n<div class=\"mceTemp\">\n<dl id=\"attachment_12196\" class=\"wp-caption alignnone\" style=\"width: 410px;\">\n<dt class=\"wp-caption-dt\"><img loading=\"lazy\" decoding=\"async\" class=\"size-full wp-image-12196\" src=\"https:\/\/clickcarangola.com.br\/site\/wp-content\/uploads\/2013\/08\/Acidente-Alt-Jeq-07.jpg\" alt=\"\" width=\"400\" height=\"266\" srcset=\"https:\/\/clickcarangola.com.br\/site\/wp-content\/uploads\/2013\/08\/Acidente-Alt-Jeq-07.jpg 400w, https:\/\/clickcarangola.com.br\/site\/wp-content\/uploads\/2013\/08\/Acidente-Alt-Jeq-07-300x199.jpg 300w\" sizes=\"auto, (max-width: 400px) 100vw, 400px\" \/><\/dt>\n<\/dl>\n<\/div>\n<p style=\"text-align: justify;\"><span style=\"color: #888888;\">Por: Click Carangola | Sugest\u00f5es de pauta: <\/span><a href=\"mailto:clickcarangola@gmail.com\">clickcarangola@gmail.com<\/a><\/p>\n","protected":false},"excerpt":{"rendered":"<p>Not\u00edcias em tempo real: Duas pessoas morreram num acidente no km 117 da MG-111 envolvendo um caminh\u00e3o e tr\u00eas ve\u00edculos. A colis\u00e3o foi na noite desta quinta-feira, 08\/08, na serra pr\u00f3xima ao mirante do Belvedere, no distrito de Padre J\u00falio Maria (Vargem Grande), em Alto Jequitib\u00e1. Luiz Carlos Zefereino, 54 anos, descia a rodovia dirigindo [&hellip;]<\/p>\n","protected":false},"author":2,"featured_media":0,"comment_status":"open","ping_status":"open","sticky":false,"template":"","format":"standard","meta":{"footnotes":""},"categories":[40],"tags":[],"class_list":["post-12193","post","type-post","status-publish","format-standard","hentry","category-altojequitiba-mg"],"_links":{"self":[{"href":"https:\/\/clickcarangola.com.br\/site\/wp-json\/wp\/v2\/posts\/12193","targetHints":{"allow":["GET"]}}],"collection":[{"href":"https:\/\/clickcarangola.com.br\/site\/wp-json\/wp\/v2\/posts"}],"about":[{"href":"https:\/\/clickcarangola.com.br\/site\/wp-json\/wp\/v2\/types\/post"}],"author":[{"embeddable":true,"href":"https:\/\/clickcarangola.com.br\/site\/wp-json\/wp\/v2\/users\/2"}],"replies":[{"embeddable":true,"href":"https:\/\/clickcarangola.com.br\/site\/wp-json\/wp\/v2\/comments?post=12193"}],"version-history":[{"count":9,"href":"https:\/\/clickcarangola.com.br\/site\/wp-json\/wp\/v2\/posts\/12193\/revisions"}],"predecessor-version":[{"id":12195,"href":"https:\/\/clickcarangola.com.br\/site\/wp-json\/wp\/v2\/posts\/12193\/revisions\/12195"}],"wp:attachment":[{"href":"https:\/\/clickcarangola.com.br\/site\/wp-json\/wp\/v2\/media?parent=12193"}],"wp:term":[{"taxonomy":"category","embeddable":true,"href":"https:\/\/clickcarangola.com.br\/site\/wp-json\/wp\/v2\/categories?post=12193"},{"taxonomy":"post_tag","embeddable":true,"href":"https:\/\/clickcarangola.com.br\/site\/wp-json\/wp\/v2\/tags?post=12193"}],"curies":[{"name":"wp","href":"https:\/\/api.w.org\/{rel}","templated":true}]}}