{"id":1227,"date":"2011-09-28T20:56:46","date_gmt":"2011-09-28T23:56:46","guid":{"rendered":"https:\/\/clickcarangola.com.br\/site\/?p=1227"},"modified":"2011-09-28T21:29:26","modified_gmt":"2011-09-29T00:29:26","slug":"expoagro-de-guacui","status":"publish","type":"post","link":"https:\/\/clickcarangola.com.br\/site\/28\/09\/2011\/expoagro-de-guacui\/","title":{"rendered":"53\u00aa Expoagro de Gua\u00e7u\u00ed"},"content":{"rendered":"<div style=\"text-align: justify;\"><span style=\"color: #888888;\"><img loading=\"lazy\" decoding=\"async\" class=\"alignleft size-full wp-image-1230\" title=\"Informa\u00e7\u00f5es: Prefeitura de Gua\u00e7u\u00ed.\" src=\"https:\/\/clickcarangola.com.br\/site\/wp-content\/uploads\/2011\/09\/53\u00aa-Expoagro.jpg\" alt=\"\" width=\"200\" height=\"300\" \/>A Prefeitura de Gua\u00e7u\u00ed divulga a programa\u00e7\u00e3o da tradicional \u201cFesta de Setembro\u201d. Nesse ano, o evento acontece de (29) de setembro a (2) de outubro, no Parque de Exposi\u00e7\u00f5es da cidade. A entrada \u00e9 franca.<\/span><\/div>\n<div style=\"text-align: justify;\"><span style=\"color: #888888;\">\u00a0<\/span><\/div>\n<div style=\"text-align: justify;\"><span style=\"color: #888888;\">De acordo com os organizadores, haver\u00e1 shows com artistas nacionais, regionais e locais, rodeio, concurso leiteiro e motocross. A expectativa da Comiss\u00e3o Organizadora \u00e9 em rela\u00e7\u00e3o aos shows nacionais de Victor e L\u00e9o, no dia (30) de setembro; e Paralamas do Sucesso, no dia (2). A Comiss\u00e3o espera que, principalmente, nesses dois dias, a cidade receba muitos visitantes.<\/span><\/div>\n<div style=\"text-align: justify;\"><span style=\"color: #888888;\">\u00a0<\/span><\/div>\n<div style=\"text-align: justify;\"><span style=\"color: #888888;\">Para quem se interessou em conferir a 53\u00aa Expoagro, a\u00ed vai a programa\u00e7\u00e3o completa:<\/span><\/div>\n<div style=\"text-align: justify;\"><span style=\"color: #888888;\">\u00a0<\/span><\/div>\n<div style=\"text-align: justify;\"><span style=\"color: #888888;\"><strong>Dia 29\/09 (Quinta-feira)\u2013 Dia do Padroeiro da Cidade \u2013 S\u00e3o Miguel Arcanjo<\/strong><\/span><\/div>\n<div style=\"text-align: justify;\"><span style=\"color: #888888;\">Chegada dos animais do Concurso Leiteiro.<\/span><\/div>\n<div style=\"text-align: justify;\"><span style=\"color: #888888;\">19h &#8211; Show cat\u00f3lico com Lipe Freitas (na Pra\u00e7a Matriz).<\/span><\/div>\n<div style=\"text-align: justify;\"><span style=\"color: #888888;\">22h &#8211; Show com Beijo Apimentado (no Parque de Exposi\u00e7\u00f5es).<\/span><\/div>\n<div style=\"text-align: justify;\"><span style=\"color: #888888;\">\u00a0<\/span><\/div>\n<div style=\"text-align: justify;\"><span style=\"color: #888888;\"><strong>Dia 30\/09 (Sexta-feira)\u00a0\u00a0\u00a0\u00a0\u00a0\u00a0\u00a0\u00a0\u00a0\u00a0\u00a0\u00a0\u00a0\u00a0\u00a0\u00a0\u00a0\u00a0\u00a0\u00a0\u00a0\u00a0\u00a0\u00a0\u00a0\u00a0\u00a0\u00a0\u00a0\u00a0\u00a0\u00a0\u00a0\u00a0\u00a0\u00a0\u00a0\u00a0\u00a0\u00a0\u00a0\u00a0\u00a0\u00a0\u00a0\u00a0\u00a0\u00a0\u00a0\u00a0\u00a0\u00a0\u00a0\u00a0\u00a0\u00a0\u00a0\u00a0\u00a0\u00a0\u00a0\u00a0\u00a0\u00a0\u00a0\u00a0\u00a0\u00a0\u00a0\u00a0\u00a0\u00a0\u00a0\u00a0\u00a0\u00a0\u00a0\u00a0\u00a0\u00a0\u00a0\u00a0\u00a0\u00a0\u00a0\u00a0\u00a0\u00a0\u00a0\u00a0\u00a0\u00a0<\/strong><\/span><\/div>\n<div style=\"text-align: justify;\"><span style=\"color: #888888;\">Concurso Leiteiro.<\/span><\/div>\n<div style=\"text-align: justify;\"><span style=\"color: #888888;\">21h &#8211; Rodeio.<\/span><\/div>\n<div style=\"text-align: justify;\"><span style=\"color: #888888;\">23h &#8211; Show co Victor e L\u00e9o.<\/span><\/div>\n<div style=\"text-align: justify;\"><span style=\"color: #888888;\">1h &#8211; Show com L\u00e9o e Luan.<\/span><\/div>\n<div style=\"text-align: justify;\"><span style=\"color: #888888;\">\u00a0<\/span><\/div>\n<div style=\"text-align: justify;\"><span style=\"color: #888888;\"><strong>Dia 1\/10 (S\u00e1bado)<\/strong><\/span><\/div>\n<div style=\"text-align: justify;\"><span style=\"color: #888888;\">Concurso Leiteiro.<\/span><\/div>\n<div style=\"text-align: justify;\"><span style=\"color: #888888;\">9h &#8211; Lan\u00e7amento das Placas Tur\u00edsticas de Gua\u00e7u\u00ed.<\/span><\/div>\n<div style=\"text-align: justify;\"><span style=\"color: #888888;\">15h &#8211; Encontro de Veteranos Ausentes (no Est\u00e1dio Municipal).<\/span><\/div>\n<div style=\"text-align: justify;\"><span style=\"color: #888888;\">16h &#8211; Show com Cac\u00e1 e Aline.<\/span><\/div>\n<div style=\"text-align: justify;\"><span style=\"color: #888888;\">21h &#8211; Rodeio.<\/span><\/div>\n<div style=\"text-align: justify;\"><span style=\"color: #888888;\">23h &#8211; Show com Manfredines.<\/span><\/div>\n<div style=\"text-align: justify;\"><span style=\"color: #888888;\">1h &#8211; Show com Paralamas do Sucesso.<\/span><\/div>\n<div style=\"text-align: justify;\"><span style=\"color: #888888;\">3h &#8211; Show com Calistones.<\/span><\/div>\n<div style=\"text-align: justify;\"><span style=\"color: #888888;\">\u00a0<\/span><\/div>\n<div style=\"text-align: justify;\"><span style=\"color: #888888;\"><strong>Dia 2\/10 (Domingo)<\/strong><\/span><\/div>\n<div style=\"text-align: justify;\"><span style=\"color: #888888;\">Final do Concurso Leiteiro.<\/span><\/div>\n<div style=\"text-align: justify;\"><span style=\"color: #888888;\">15h &#8211; Motocross (no Morro do Cruzeiro).<\/span><\/div>\n<div style=\"text-align: justify;\"><span style=\"color: #888888;\">16h &#8211; Show com Beto Kau\u00ea.<\/span><\/div>\n<div style=\"text-align: justify;\"><span style=\"color: #888888;\">20h &#8211; Show com Banda Dublack.<\/span><\/div>\n<div style=\"text-align: justify;\"><span style=\"color: #888888;\">22h &#8211; Rodeio.<\/span><\/div>\n<div style=\"text-align: justify;\"><span style=\"color: #888888;\">\u00a0<\/span><\/div>\n<div style=\"text-align: justify;\"><strong><span style=\"color: #888888;\">Por: Click Carangola<\/span><\/strong><\/div>\n<div style=\"text-align: justify;\"><span style=\"color: #888888;\">\u00a0<\/span><\/div>\n<p style=\"text-align: left;\">\u00bb Envie not\u00edcias, sugest\u00f5es, den\u00fancias, cr\u00edticas e pedidos para a nossa Reda\u00e7\u00e3o \u2013 <a href=\"mailto:clickcarangola@gmail.com\">clickcarangola@gmail.com<\/a><\/p>\n","protected":false},"excerpt":{"rendered":"<p>A Prefeitura de Gua\u00e7u\u00ed divulga a programa\u00e7\u00e3o da tradicional \u201cFesta de Setembro\u201d. Nesse ano, o evento acontece de (29) de setembro a (2) de outubro, no Parque de Exposi\u00e7\u00f5es da cidade. A entrada \u00e9 franca. \u00a0 De acordo com os organizadores, haver\u00e1 shows com artistas nacionais, regionais e locais, rodeio, concurso leiteiro e motocross. A [&hellip;]<\/p>\n","protected":false},"author":2,"featured_media":0,"comment_status":"open","ping_status":"open","sticky":false,"template":"","format":"standard","meta":{"footnotes":""},"categories":[1],"tags":[],"class_list":["post-1227","post","type-post","status-publish","format-standard","hentry","category-regional"],"_links":{"self":[{"href":"https:\/\/clickcarangola.com.br\/site\/wp-json\/wp\/v2\/posts\/1227","targetHints":{"allow":["GET"]}}],"collection":[{"href":"https:\/\/clickcarangola.com.br\/site\/wp-json\/wp\/v2\/posts"}],"about":[{"href":"https:\/\/clickcarangola.com.br\/site\/wp-json\/wp\/v2\/types\/post"}],"author":[{"embeddable":true,"href":"https:\/\/clickcarangola.com.br\/site\/wp-json\/wp\/v2\/users\/2"}],"replies":[{"embeddable":true,"href":"https:\/\/clickcarangola.com.br\/site\/wp-json\/wp\/v2\/comments?post=1227"}],"version-history":[{"count":7,"href":"https:\/\/clickcarangola.com.br\/site\/wp-json\/wp\/v2\/posts\/1227\/revisions"}],"predecessor-version":[{"id":1229,"href":"https:\/\/clickcarangola.com.br\/site\/wp-json\/wp\/v2\/posts\/1227\/revisions\/1229"}],"wp:attachment":[{"href":"https:\/\/clickcarangola.com.br\/site\/wp-json\/wp\/v2\/media?parent=1227"}],"wp:term":[{"taxonomy":"category","embeddable":true,"href":"https:\/\/clickcarangola.com.br\/site\/wp-json\/wp\/v2\/categories?post=1227"},{"taxonomy":"post_tag","embeddable":true,"href":"https:\/\/clickcarangola.com.br\/site\/wp-json\/wp\/v2\/tags?post=1227"}],"curies":[{"name":"wp","href":"https:\/\/api.w.org\/{rel}","templated":true}]}}