{"id":1247,"date":"2011-09-29T15:00:27","date_gmt":"2011-09-29T18:00:27","guid":{"rendered":"https:\/\/clickcarangola.com.br\/site\/?p=1247"},"modified":"2011-09-29T18:21:01","modified_gmt":"2011-09-29T21:21:01","slug":"alunos-da-rede-estadual-voltam-as-aulas-apos-greve-em-minas","status":"publish","type":"post","link":"https:\/\/clickcarangola.com.br\/site\/29\/09\/2011\/alunos-da-rede-estadual-voltam-as-aulas-apos-greve-em-minas\/","title":{"rendered":"Alunos da rede estadual voltam \u00e0s aulas ap\u00f3s greve em Minas"},"content":{"rendered":"<p style=\"text-align: justify;\"><span style=\"color: #888888;\"><img loading=\"lazy\" decoding=\"async\" class=\"alignleft size-medium wp-image-1250\" title=\"Informa\u00e7\u00f5es: G1.\" src=\"https:\/\/clickcarangola.com.br\/site\/wp-content\/uploads\/2011\/09\/Alunos1-300x225.jpg\" alt=\"\" width=\"300\" height=\"226\" srcset=\"https:\/\/clickcarangola.com.br\/site\/wp-content\/uploads\/2011\/09\/Alunos1-300x225.jpg 300w, https:\/\/clickcarangola.com.br\/site\/wp-content\/uploads\/2011\/09\/Alunos1-100x75.jpg 100w, https:\/\/clickcarangola.com.br\/site\/wp-content\/uploads\/2011\/09\/Alunos1.jpg 320w\" sizes=\"auto, (max-width: 300px) 100vw, 300px\" \/>Quase cem mil alunos da rede estadual de ensino de Minas Gerais voltam \u00e0s aulas nesta quinta-feira (29) depois de 112 dias de greve dos professores, de acordo com a Secretria de Estado de Educa\u00e7\u00e3o. Os estudantes v\u00e3o ter que repor as aulas durante as f\u00e9rias, inclusive nos feriados e fins de semana.<\/span><\/p>\n<p style=\"text-align: justify;\"><span style=\"color: #888888;\">A previs\u00e3o \u00e9 que a reposi\u00e7\u00e3o acabe na maioria dos col\u00e9gios em mar\u00e7o do ano que vem, segundo calend\u00e1rio da secretaria. Em algumas escolas, os dias letivos perdidos j\u00e1 come\u00e7aram a ser repostos no \u00faltimo fim de semana.<\/span><\/p>\n<p style=\"text-align: justify;\"><span style=\"color: #888888;\">Os professores retornaram ao trabalho, mas a negocia\u00e7\u00e3o salarial continua a ser feita com o governo do estado.<\/span><\/p>\n<p style=\"text-align: justify;\"><span style=\"color: #888888;\"><strong>An\u00fancio do fim da greve<\/strong><\/span><br \/>\n<span style=\"color: #888888;\">Os professores da rede estadual de ensino de Minas Gerais decidiram suspender a greve da categoria durante reuni\u00e3o na noite desta ter\u00e7a-feira (27), na Assembleia Legislativa de Minas Gerais. De acordo com o Sindicato \u00danico dos Trabalhos em Educa\u00e7\u00e3o em Minas Gerais (Sind-UTE\/MG), a categoria segue em estado de greve e em outubro ser\u00e1 feita uma assembleia para avalia\u00e7\u00e3o das negocia\u00e7\u00f5es.<\/span><\/p>\n<p style=\"text-align: justify;\"><span style=\"color: #888888;\">A decis\u00e3o dos trabalhadores foi tomada ap\u00f3s uma reuni\u00e3o realizada na tarde desta ter\u00e7a-feira, na Cidade Administrativa, entre o secret\u00e1rio de estado do governo, Danilo de Castro, e deputados. No encontro foram apresentadas algumas propostas aos professores grevistas. A Secretaria de Estado de Educa\u00e7\u00e3o disse que as proposi\u00e7\u00f5es j\u00e1 haviam sido feitas anteriormente.<\/span><\/p>\n<p style=\"text-align: justify;\"><span style=\"color: #888888;\">Entre as propostas est\u00e3o a cria\u00e7\u00e3o de uma comiss\u00e3o para negocia\u00e7\u00e3o salarial, formada por representantes do governo, deputados e sindicato; a revers\u00e3o de algumas puni\u00e7\u00f5es impostas a categoria decorrentes da greve; e a suspens\u00e3o do Projeto de Lei 2.355\/11, que prev\u00ea mudan\u00e7as na pol\u00edtica salarial dos servidores da educa\u00e7\u00e3o do estado.<\/span><\/p>\n<p style=\"text-align: justify;\"><span style=\"color: #888888;\">A secret\u00e1ria de educa\u00e7\u00e3o, Ana L\u00facia Gazzola, disse\u00a0em entrevista\u00a0que o ano letivo vai ser cumprido em todas as escolas de \u201cforma correta\u201d, ou seja, como prev\u00ea a lei. A greve dos professores da rede estadual de ensino de Minas Gerais durou 112 dias.cia Gazzola.<\/span><\/p>\n<p style=\"text-align: justify;\"><strong><span style=\"color: #888888;\">Por: Click Carangola<\/span><\/strong><\/p>\n","protected":false},"excerpt":{"rendered":"<p>Quase cem mil alunos da rede estadual de ensino de Minas Gerais voltam \u00e0s aulas nesta quinta-feira (29) depois de 112 dias de greve dos professores, de acordo com a Secretria de Estado de Educa\u00e7\u00e3o. Os estudantes v\u00e3o ter que repor as aulas durante as f\u00e9rias, inclusive nos feriados e fins de semana. A previs\u00e3o [&hellip;]<\/p>\n","protected":false},"author":2,"featured_media":0,"comment_status":"open","ping_status":"open","sticky":false,"template":"","format":"standard","meta":{"footnotes":""},"categories":[1],"tags":[],"class_list":["post-1247","post","type-post","status-publish","format-standard","hentry","category-regional"],"_links":{"self":[{"href":"https:\/\/clickcarangola.com.br\/site\/wp-json\/wp\/v2\/posts\/1247","targetHints":{"allow":["GET"]}}],"collection":[{"href":"https:\/\/clickcarangola.com.br\/site\/wp-json\/wp\/v2\/posts"}],"about":[{"href":"https:\/\/clickcarangola.com.br\/site\/wp-json\/wp\/v2\/types\/post"}],"author":[{"embeddable":true,"href":"https:\/\/clickcarangola.com.br\/site\/wp-json\/wp\/v2\/users\/2"}],"replies":[{"embeddable":true,"href":"https:\/\/clickcarangola.com.br\/site\/wp-json\/wp\/v2\/comments?post=1247"}],"version-history":[{"count":4,"href":"https:\/\/clickcarangola.com.br\/site\/wp-json\/wp\/v2\/posts\/1247\/revisions"}],"predecessor-version":[{"id":1249,"href":"https:\/\/clickcarangola.com.br\/site\/wp-json\/wp\/v2\/posts\/1247\/revisions\/1249"}],"wp:attachment":[{"href":"https:\/\/clickcarangola.com.br\/site\/wp-json\/wp\/v2\/media?parent=1247"}],"wp:term":[{"taxonomy":"category","embeddable":true,"href":"https:\/\/clickcarangola.com.br\/site\/wp-json\/wp\/v2\/categories?post=1247"},{"taxonomy":"post_tag","embeddable":true,"href":"https:\/\/clickcarangola.com.br\/site\/wp-json\/wp\/v2\/tags?post=1247"}],"curies":[{"name":"wp","href":"https:\/\/api.w.org\/{rel}","templated":true}]}}