{"id":1261,"date":"2011-09-30T13:20:35","date_gmt":"2011-09-30T16:20:35","guid":{"rendered":"https:\/\/clickcarangola.com.br\/site\/?p=1261"},"modified":"2011-09-30T14:43:51","modified_gmt":"2011-09-30T17:43:51","slug":"dupla-victor-e-leo-e-a-grande-atracao-de-hoje-na-expoagro-em-guacui","status":"publish","type":"post","link":"https:\/\/clickcarangola.com.br\/site\/30\/09\/2011\/dupla-victor-e-leo-e-a-grande-atracao-de-hoje-na-expoagro-em-guacui\/","title":{"rendered":"Dupla Victor &#038; Leo \u00e9 a grande atra\u00e7\u00e3o de hoje na 53\u00aa Expoagro em Gua\u00e7u\u00ed"},"content":{"rendered":"<p style=\"text-align: justify;\"><span style=\"font-family: arial; font-size: small;\"><span style=\"color: #888888; font-size: small;\"><img loading=\"lazy\" decoding=\"async\" class=\"alignleft size-full wp-image-1262\" title=\"Victor &amp; Leo.\" src=\"https:\/\/clickcarangola.com.br\/site\/wp-content\/uploads\/2011\/09\/Victor-e-Leo.jpg\" alt=\"\" width=\"300\" height=\"226\" \/><\/span><\/span><\/p>\n<p style=\"text-align: justify;\"><span style=\"color: #808080;\">Dupla \u00e9 a grande atra\u00e7\u00e3o de hoje na 53\u00aa\u00a0Expoagro de Gua\u00e7u\u00ed. O show est\u00e1 previsto para as 23 horas no Parque de Exposi\u00e7\u00f5es da cidade.<\/span><\/p>\n<p style=\"text-align: justify;\"><span style=\"color: #808080;\">Segundo os organizadores do evento, mais de vinte mil pessoas s\u00e3o esperadas na noite desta sexta-feira. A entrada \u00e9 franca!<\/span><\/p>\n<p style=\"text-align: justify;\"><span style=\"color: #808080;\"><strong>A dupla<\/strong><\/span><\/p>\n<p style=\"text-align: justify;\"><span style=\"color: #808080;\">Victor &amp; Leo \u00e9 uma dupla mineira, formada pelos irm\u00e3os &#8220;Victor&#8221; (Vitor Chaves Zapal\u00e1 Pimentel, nascido em 15 de abril de 1975, viol\u00e3o\/vocal) e &#8220;Leo&#8221; (Leonardo Chaves Zapal\u00e1 Pimentel, nascido em 4 de outubro de 1976, vocal) ambos nascidos em Ponte Nova e criados em Abre Campo, regi\u00e3o da Zona da Mata de Minas Gerais.<\/span><\/p>\n<p style=\"text-align: justify;\"><span style=\"color: #808080;\">Victor &amp; Leo s\u00e3o uma dupla de produtores, cantores, compositores, arranjadores e m\u00fasicos, cujo estilo mescla folk, pop, romantismo e sertanejo de raiz.<\/span><\/p>\n<p style=\"text-align: justify;\"><span style=\"color: #808080;\">Em Abre Campo &#8211; MG, ainda crian\u00e7as, ouviam can\u00e7\u00f5es do regional sertanejo na radiola do av\u00f4, Tonico Chaves, tendo sido seu primeiro contato com a m\u00fasica, principalmente nas vozes de S\u00e9rgio Reis, Renato Teixeira, Almir Sater. Aos 12 anos, Victor vai a sua primeira aula de viol\u00e3o, e aos 18, comp\u00f5e sua primeira can\u00e7\u00e3o, &#8220;Flor do Campo&#8221;.<\/span><\/p>\n<p style=\"text-align: justify;\"><span style=\"color: #808080;\">Na adolesc\u00eancia, outras influ\u00eancias nacionais e internacionais surgiriam enquanto ouviam James Taylor, Neil Young, Alceu Valen\u00e7a, Z\u00e9 Ramalho, Eric Clapton, Dire Straits, entre outros.<\/span><\/p>\n<p style=\"text-align: justify;\"><span style=\"color: #808080;\">Iniciaram a carreira em 1992, na cidade de Abre Campo \u2013 MG.<\/span><\/p>\n<p style=\"text-align: justify;\"><span style=\"color: #808080;\">Em 1994 mudaram-se para Belo Horizonte &#8211; MG, onde permaneceram cantando na noite por sete anos. Neste per\u00edodo, estudaram canto por cinco anos.<\/span><\/p>\n<p style=\"text-align: justify;\"><span style=\"color: #808080;\">Em 2001, mudaram-se para S\u00e3o Paulo, onde cantaram na noite por mais seis anos e meio.<\/span><\/p>\n<p style=\"text-align: justify;\"><span style=\"color: #808080;\">Em meados de 2006, surgia de pessoa a pessoa, sem gravadora, um grande reconhecimento nacional.<\/span><\/p>\n<p style=\"text-align: justify;\"><span style=\"color: #808080;\"><strong>Discografia<\/strong><\/span><\/p>\n<p style=\"text-align: justify;\"><span style=\"color: #808080;\">S\u00e3o 8 CD\u2019s, 2 DVD\u2019s ao vivo e 1 Blu-ray, al\u00e9m de um DVD document\u00e1rio em espanhol e DVD Victor &amp; Leo &#8211; A Hist\u00f3ria, lan\u00e7ado em dezembro de 2010.<\/span><\/p>\n<p style=\"text-align: justify;\"><span style=\"color: #808080;\">O primeiro CD foi lan\u00e7ado em 2002, pela extinta gravadora Number One Music.<\/span><\/p>\n<p style=\"text-align: justify;\"><span style=\"color: #808080;\">Em 2003, sa\u00edram da gravadora e, de forma independente, gravaram o segundo CD, chamado \u201cVida Boa\u201d.<\/span><\/p>\n<p style=\"text-align: justify;\"><span style=\"color: #808080;\">Em 2005, tamb\u00e9m de forma independente e em S\u00e3o Paulo-SP, gravaram o terceiro CD, ao vivo, produzido e arranjado pela pr\u00f3pria dupla, chamado \u201cVictor &amp; Leo Ao Vivo\u201d. Este CD, sem gravadora, espalhou-se pelo Brasil a partir de 2006, quando foi lan\u00e7ado. Estima-se terem sido pirateadas mais de 2 milh\u00f5es de c\u00f3pias entre 2006 e 2007.<\/span><\/p>\n<p style=\"text-align: justify;\"><span style=\"color: #808080;\">Em junho de 2007, j\u00e1 conhecidos em grande parte do pa\u00eds, Victor &amp; Leo foram contratados pela Sony BMG, que passou a distribuir originalmente o CD \u201cVictor &amp; Leo ao Vivo\u201d, relan\u00e7ando-o e apenas modificando a capa. Relativo a este CD, mesmo depois de t\u00e3o pirateado, em dois meses de lan\u00e7amento rendeu \u00e0 dupla seu primeiro disco de ouro.<\/span><\/p>\n<p style=\"text-align: justify;\"><span style=\"color: #808080;\">Tamb\u00e9m em junho de 2007, j\u00e1 contratados pela Sony BMG, gravam o primeiro DVD e advindo deste, o quarto CD, intitulados \u201cAo Vivo em Uberl\u00e2ndia\u201d. (A grava\u00e7\u00e3o se deu em Uberl\u00e2ndia-MG, principalmente por uma quest\u00e3o geogr\u00e1fica, ficando a cidade no centro do pa\u00eds, entre os primeiros estados onde o CD \u201cVictor &amp; Leo Ao Vivo\u201d havia se popularizado. A dupla apaixonou-se pela cidade e hospitalidade de seus habitantes e resolveu sair de S\u00e3o Paulo-SP, para morar definitivamente em Uberl\u00e2ndia).<\/span><\/p>\n<p style=\"text-align: justify;\"><span style=\"color: #808080;\">Com o trabalho reconhecido em todas as regi\u00f5es do Brasil, entre culturas e p\u00fablicos diferentes, o estilo da dupla foi visto como universal e por isto, no in\u00edcio de 2008, foram convidados pela Sony Music a gravar um disco em espanhol, o quinto da carreira. S\u00e3o can\u00e7\u00f5es e arranjos da dupla em vers\u00e3o espanhola, em que contaram com a participa\u00e7\u00e3o do produtor mexicano Aureo Baqueiro e com o artista e compositor Leonel Garcia.<\/span><\/p>\n<p style=\"text-align: justify;\"><span style=\"color: #808080;\">Em meados de 2008, ap\u00f3s as grava\u00e7\u00f5es do CD espanhol, iniciaram-se as grava\u00e7\u00f5es do CD &#8220;Borboletas&#8221;, o sexto da carreira. Totalmente autoral, o CD possui 12 can\u00e7\u00f5es assinadas por Victor, sendo tr\u00eas em parceria com Leo, al\u00e9m de assinarem todos os arranjos.Das 12 m\u00fasicas, apenas uma j\u00e1 tinha sido anteriormente gravada pela dupla: &#8220;Tanta Solid\u00e3o&#8221;. A dupla tamb\u00e9m assina a produ\u00e7\u00e3o do trabalho e a divide com o baixista Ivan Corr\u00eaa.<\/span><\/p>\n<p style=\"text-align: justify;\"><span style=\"color: #808080;\">Em 23 e 24 de setembro de 2009, depois do sucesso do CD \u201cBorboletas\u201d, Victor &amp; Leo gravam em S\u00e3o Paulo seu segundo DVD, e advindo dele, o s\u00e9timo CD, chamados \u201cAo Vivo e em Cores\u201d. Em retribui\u00e7\u00e3o aos anos em que a capital os acolheu em tempos de casa noturna, uma mega estrutura foi armada para um show de performance musical, por duas noites, no gin\u00e1sio do Ibirapuera. Pela primeira vez, um artista grava um DVD no local, que superlotou nas duas noites, tendo mais de 23 mil espectadores. Este produto teve venda inicial de 150 mil c\u00f3pias (Disco de PLATINA).<\/span><\/p>\n<p style=\"text-align: justify;\"><span style=\"color: #808080;\">Em mar\u00e7o de 2010, participam do projeto &#8220;Emo\u00e7\u00f5es Sertanejas&#8221;, interpretando &#8220;Jesus Cristo&#8221;, can\u00e7\u00e3o de Roberto Carlos de 1970.<\/span><\/p>\n<p style=\"text-align: justify;\"><span style=\"color: #808080;\">No mesmo ano, participam do projeto &#8220;Xuxa S\u00f3 Para Baixinhos 10&#8221;, da apresentadora Xuxa, com a m\u00fasica &#8220;A Can\u00e7\u00e3o do Elefante&#8221;. Este projeto traz tamb\u00e9m a participa\u00e7\u00e3o da cantora Maria Gad\u00fa na can\u00e7\u00e3o &#8220;Le\u00e3ozinho&#8221; (anteriormente gravada por Caetano Veloso). Outro detalhe no projeto \u00e9 a participa\u00e7\u00e3o do filho de Leo junto com o pai e o tio na mesma can\u00e7\u00e3o.<\/span><\/p>\n<p style=\"text-align: justify;\"><span style=\"color: #808080;\">Em outubro de 2010, \u00e9 lan\u00e7ado o novo CD de Victor &amp; Leo, &#8220;Boa Sorte Pra Voc\u00ea&#8221;, que tamb\u00e9m \u00e9 o nome da primeira faixa de trabalho. O novo CD tem arranjos de Victor &amp; Leo e produ\u00e7\u00e3o de Guto Gra\u00e7a Mello. Cont\u00e9m 11 faixas, sendo 8 m\u00fasicas de autoria de Victor Chaves, 2 regrava\u00e7\u00f5es e uma faixa b\u00f4nus.<\/span><\/p>\n<p style=\"text-align: justify;\"><span style=\"color: #808080;\"><strong>Por: Click Carangola<\/strong><\/span><\/p>\n","protected":false},"excerpt":{"rendered":"<p>Dupla \u00e9 a grande atra\u00e7\u00e3o de hoje na 53\u00aa\u00a0Expoagro de Gua\u00e7u\u00ed. O show est\u00e1 previsto para as 23 horas no Parque de Exposi\u00e7\u00f5es da cidade. Segundo os organizadores do evento, mais de vinte mil pessoas s\u00e3o esperadas na noite desta sexta-feira. A entrada \u00e9 franca! A dupla Victor &amp; Leo \u00e9 uma dupla mineira, formada [&hellip;]<\/p>\n","protected":false},"author":2,"featured_media":0,"comment_status":"open","ping_status":"open","sticky":false,"template":"","format":"standard","meta":{"footnotes":""},"categories":[1],"tags":[],"class_list":["post-1261","post","type-post","status-publish","format-standard","hentry","category-regional"],"_links":{"self":[{"href":"https:\/\/clickcarangola.com.br\/site\/wp-json\/wp\/v2\/posts\/1261","targetHints":{"allow":["GET"]}}],"collection":[{"href":"https:\/\/clickcarangola.com.br\/site\/wp-json\/wp\/v2\/posts"}],"about":[{"href":"https:\/\/clickcarangola.com.br\/site\/wp-json\/wp\/v2\/types\/post"}],"author":[{"embeddable":true,"href":"https:\/\/clickcarangola.com.br\/site\/wp-json\/wp\/v2\/users\/2"}],"replies":[{"embeddable":true,"href":"https:\/\/clickcarangola.com.br\/site\/wp-json\/wp\/v2\/comments?post=1261"}],"version-history":[{"count":9,"href":"https:\/\/clickcarangola.com.br\/site\/wp-json\/wp\/v2\/posts\/1261\/revisions"}],"predecessor-version":[{"id":1266,"href":"https:\/\/clickcarangola.com.br\/site\/wp-json\/wp\/v2\/posts\/1261\/revisions\/1266"}],"wp:attachment":[{"href":"https:\/\/clickcarangola.com.br\/site\/wp-json\/wp\/v2\/media?parent=1261"}],"wp:term":[{"taxonomy":"category","embeddable":true,"href":"https:\/\/clickcarangola.com.br\/site\/wp-json\/wp\/v2\/categories?post=1261"},{"taxonomy":"post_tag","embeddable":true,"href":"https:\/\/clickcarangola.com.br\/site\/wp-json\/wp\/v2\/tags?post=1261"}],"curies":[{"name":"wp","href":"https:\/\/api.w.org\/{rel}","templated":true}]}}