{"id":12660,"date":"2013-08-24T06:00:14","date_gmt":"2013-08-24T09:00:14","guid":{"rendered":"https:\/\/clickcarangola.com.br\/site\/?p=12660"},"modified":"2013-08-24T18:46:48","modified_gmt":"2013-08-24T21:46:48","slug":"parque-nacional-do-caparao-pode-fechar-as-portas","status":"publish","type":"post","link":"https:\/\/clickcarangola.com.br\/site\/24\/08\/2013\/parque-nacional-do-caparao-pode-fechar-as-portas\/","title":{"rendered":"Parque Nacional do Capara\u00f3 pode fechar as portas"},"content":{"rendered":"<p style=\"text-align: justify;\"><span style=\"color: #888888;\"><img loading=\"lazy\" decoding=\"async\" class=\"size-full wp-image-12662 alignleft\" title=\"\" src=\"https:\/\/clickcarangola.com.br\/site\/wp-content\/uploads\/2013\/08\/Prefeito-e-chefe-do-parque.jpg\" alt=\"\" width=\"300\" height=\"226\" \/>Destaque da semana: &#8220;Alguma coisa precisa ser feita urgentemente, para n\u00e3o perdermos aquele santu\u00e1rio ecol\u00f3gico&#8221;. Com essa frase, a chefe do Parque Nacional do Capara\u00f3, Tha\u00eds Farias Rodrigues surpreendeu a todos que participavam de uma reuni\u00e3o, nesta sexta-feira, 23, para a elabora\u00e7\u00e3o do Plano Regional para o Desenvolvimento do Turismo na Zona da Mata de Minas Gerais.<\/span><\/p>\n<p style=\"text-align: justify;\"><span style=\"color: #888888;\">Devido a falta de recursos financeiros, redu\u00e7\u00e3o de pessoal, corte no or\u00e7amento a n\u00edvel federal acabou colocando o Parque Nacional do Capara\u00f3 em situa\u00e7\u00e3o bastante delicada. Mas, nos \u00faltimos dias alguns fatores se complicaram, quando, ent\u00e3o, por determina\u00e7\u00e3o superior iniciou-se o corte no quadro de servidores da reserva ecol\u00f3gica e, com isso a estrutura come\u00e7ou\u00a0 a ficar comprometida.<!--more--><\/span><\/p>\n<p style=\"text-align: justify;\"><span style=\"color: #888888;\">O Parque Nacional do Capara\u00f3, que possui uma estrutura grandiosa, \u00e1rea muito extensa para visita\u00e7\u00e3o, acampamento e \u00e1rea de entrada de visitantes enorme, deixa a coordena\u00e7\u00e3o em apuros e, n\u00e3o est\u00e1 tendo condi\u00e7\u00f5es de oferecer a seguran\u00e7a necess\u00e1ria aos visitantes.<\/span><\/p>\n<p style=\"text-align: justify;\"><span style=\"color: #888888;\">Segundo Tha\u00eds Farias, o n\u00famero de funcion\u00e1rios para realizar a limpeza est\u00e1 reduzido, bem como os que fazem monitoramento em toda a extens\u00e3o, tamb\u00e9m est\u00e1 com n\u00famero limitado. A partir da\u00ed, os visitantes come\u00e7am a reclamar da sujeira,\u00a0 a falta de seguran\u00e7a e outras coisas mais, que acabam acontecendo devido a aus\u00eancia de\u00a0 pessoal.<\/span><\/p>\n<p style=\"text-align: justify;\"><span style=\"color: #888888;\">A chefe do Parque lamenta a condi\u00e7\u00e3o prec\u00e1ria que se encontra a reserva, que abriga o terceiro ponto mais alto do Pa\u00eds, o Pico da Bandeira, com 2.892 metros de altitude, que j\u00e1 foi visitado por turistas de todo o mundo, devido ao lugar encantador, que\u00a0 guarda os mist\u00e9rios da m\u00e3e natureza. O Parque Nacional do Capara\u00f3 \u00e9 tamb\u00e9m um dos destinos mais procurados pelos adeptos do montanhismo no Brasil.<\/span><\/p>\n<p style=\"text-align: justify;\"><span style=\"color: #888888;\">A riqueza natural oferece al\u00e9m das trilhas, a beleza, onde os visitantes podem se deliciar com banhos em cachoeira e piscinas naturais, observar deslumbrantes visuais da Serra do Capara\u00f3 e regi\u00e3o, com belos espet\u00e1culos no alvorecer e no p\u00f4r do sol.<\/span><\/p>\n<p style=\"text-align: justify;\"><span style=\"color: #888888;\">Segundo a chefe do Parque, Tha\u00eds Farias Rodrigues tudo isso pode ficar apenas na lembran\u00e7a, caso o comodismo permane\u00e7a. &#8220;H\u00e1 a necessidade de uma mobiliza\u00e7\u00e3o geral, elabora\u00e7\u00e3o de abaixo assinado e os pol\u00edticos da regi\u00e3o voltarem os olhos para essa triste realidade que estamos enfrentando. Ir \u00e0 Bras\u00edlia e cobrar do Minist\u00e9rio do Meio Ambiente, da presidenta da Rep\u00fablica, Instituto Chico Mendes e todos os \u00f3rg\u00e3os ligados \u00e0s quest\u00f5es ambientais&#8221;, ressalta.<\/span><\/p>\n<p style=\"text-align: justify;\"><span style=\"color: #ff0000;\">O santu\u00e1rio ecol\u00f3gico pede socorro<\/span><\/p>\n<p style=\"text-align: justify;\"><span style=\"color: #888888;\">Quem conhece e j\u00e1 o visitou sabe da riqueza de beleza natural, que se esconde no vale encantado, que proporciona caminhadas em \u00e1reas de florestas e, especialmente, pelos campos de altitude que s\u00e3o outras atra\u00e7\u00f5es do local, prop\u00edcio tamb\u00e9m para observa\u00e7\u00e3o das aves.<\/span><\/p>\n<p style=\"text-align: justify;\"><span style=\"color: #888888;\">O parque foi criado em 24 de maio de 1961, pelo decreto federal N\u00ba 50.646, assinado pelo ent\u00e3o presidente J\u00e2nio Quadros, atualmente \u00e9 administrado pelo Instituto Chico Mendes de Conserva\u00e7\u00e3o de Biodiversidade e, possui 26.000 hectares de \u00e1rea.<\/span><\/p>\n<p style=\"text-align: justify;\"><span style=\"color: #888888;\">Disp\u00f5e de quatro \u00e1reas de acampamento pela portaria de Alto Capara\u00f3 em MG &#8211; \u201cTronqueira\u201d e \u201cTerreir\u00e3o\u201d &#8211; e pela Portaria de Pedra Menina no E.S &#8211; \u201cMacieira\u201d e \u201cCasa Queimada\u201d, com sanit\u00e1rios, lava-pratos, mesas, bancos e quiosques (estes \u00faltimos apenas na \u201cTronqueira\u201d) e ainda churrasqueiras na \u00e1rea de visita\u00e7\u00e3o denominada \u201cVale Verde\u201d e na \u201cMacieira\u201d.<\/span><\/p>\n<p style=\"text-align: justify;\"><span style=\"color: #888888;\">A chefe do Parque Nacional do Capara\u00f3, Tha\u00eds Farias Andrade\u00a0 come\u00e7a a sentir a fragilidade a fim de garantir a prote\u00e7\u00e3o do &#8220;Santu\u00e1rio Ecol\u00f3gico&#8221;, que preserva belezas da fauna e da flora. &#8220;Somos somente dez funcion\u00e1rios, para cuidar de uma \u00e1rea de extens\u00e3o de 31.853 hectares. Por\u00e9m,mais da metade do pessoal j\u00e1 est\u00e1 em per\u00edodo de aposentadoria. Eles continuam l\u00e1 no parque por amor. Agora falta verba e funcion\u00e1rios. Tudo est\u00e1 ficando comprometido e, se n\u00e3o houver uma mobiliza\u00e7\u00e3o, o parque considerado um &#8220;Santu\u00e1rio Ecol\u00f3gico&#8221; pode fechar suas portas para visitantes, al\u00e9m de ficar sem nenhuma prote\u00e7\u00e3o para evitar invas\u00e3o e inc\u00eandio&#8221;, alerta Tha\u00eds Farias.<\/span><\/p>\n<p style=\"text-align: justify;\"><span style=\"color: #888888;\">Nos pr\u00f3ximos dias, haver\u00e1 uma altera\u00e7\u00e3o no hor\u00e1rio de visita\u00e7\u00e3o ao Parque Nacional do Capara\u00f3, para evitar transtorno, descontentamento e, que algu\u00e9m v\u00e1 ao local e perca tempo para visitar um dos lugares mais bonitos da regi\u00e3o. Com informa\u00e7\u00f5es do site portalcaparao.com.br.<\/span><\/p>\n<p style=\"text-align: justify;\"><span style=\"color: #ff0000;\">Confira as imagens:<\/span><\/p>\n<div class=\"mceTemp\">\n<dl id=\"attachment_12663\" class=\"wp-caption alignnone\" style=\"width: 410px;\">\n<dt class=\"wp-caption-dt\"><img loading=\"lazy\" decoding=\"async\" class=\"size-full wp-image-12663\" src=\"https:\/\/clickcarangola.com.br\/site\/wp-content\/uploads\/2013\/08\/Caparao.jpg\" alt=\"\" width=\"400\" height=\"300\" \/><\/dt>\n<\/dl>\n<\/div>\n<p style=\"text-align: justify;\"><span style=\"color: #888888;\">Por: Click Carangola | Sugest\u00f5es de pauta: <\/span><a href=\"mailto:clickcarangola@gmail.com\">clickcarangola@gmail.com<\/a><\/p>\n","protected":false},"excerpt":{"rendered":"<p>Destaque da semana: &#8220;Alguma coisa precisa ser feita urgentemente, para n\u00e3o perdermos aquele santu\u00e1rio ecol\u00f3gico&#8221;. Com essa frase, a chefe do Parque Nacional do Capara\u00f3, Tha\u00eds Farias Rodrigues surpreendeu a todos que participavam de uma reuni\u00e3o, nesta sexta-feira, 23, para a elabora\u00e7\u00e3o do Plano Regional para o Desenvolvimento do Turismo na Zona da Mata de [&hellip;]<\/p>\n","protected":false},"author":2,"featured_media":0,"comment_status":"open","ping_status":"open","sticky":false,"template":"","format":"standard","meta":{"footnotes":""},"categories":[39],"tags":[],"class_list":["post-12660","post","type-post","status-publish","format-standard","hentry","category-altocaparao-mg"],"_links":{"self":[{"href":"https:\/\/clickcarangola.com.br\/site\/wp-json\/wp\/v2\/posts\/12660","targetHints":{"allow":["GET"]}}],"collection":[{"href":"https:\/\/clickcarangola.com.br\/site\/wp-json\/wp\/v2\/posts"}],"about":[{"href":"https:\/\/clickcarangola.com.br\/site\/wp-json\/wp\/v2\/types\/post"}],"author":[{"embeddable":true,"href":"https:\/\/clickcarangola.com.br\/site\/wp-json\/wp\/v2\/users\/2"}],"replies":[{"embeddable":true,"href":"https:\/\/clickcarangola.com.br\/site\/wp-json\/wp\/v2\/comments?post=12660"}],"version-history":[{"count":9,"href":"https:\/\/clickcarangola.com.br\/site\/wp-json\/wp\/v2\/posts\/12660\/revisions"}],"predecessor-version":[{"id":12671,"href":"https:\/\/clickcarangola.com.br\/site\/wp-json\/wp\/v2\/posts\/12660\/revisions\/12671"}],"wp:attachment":[{"href":"https:\/\/clickcarangola.com.br\/site\/wp-json\/wp\/v2\/media?parent=12660"}],"wp:term":[{"taxonomy":"category","embeddable":true,"href":"https:\/\/clickcarangola.com.br\/site\/wp-json\/wp\/v2\/categories?post=12660"},{"taxonomy":"post_tag","embeddable":true,"href":"https:\/\/clickcarangola.com.br\/site\/wp-json\/wp\/v2\/tags?post=12660"}],"curies":[{"name":"wp","href":"https:\/\/api.w.org\/{rel}","templated":true}]}}