{"id":1273,"date":"2011-09-30T15:54:39","date_gmt":"2011-09-30T18:54:39","guid":{"rendered":"https:\/\/clickcarangola.com.br\/site\/?p=1273"},"modified":"2011-09-30T19:08:37","modified_gmt":"2011-09-30T22:08:37","slug":"show-de-luan-santana-em-manhuacu","status":"publish","type":"post","link":"https:\/\/clickcarangola.com.br\/site\/30\/09\/2011\/show-de-luan-santana-em-manhuacu\/","title":{"rendered":"Show de Luan Santana em Manhua\u00e7u"},"content":{"rendered":"<p style=\"text-align: justify;\"><span style=\"color: #888888;\"><img loading=\"lazy\" decoding=\"async\" class=\"alignleft size-full wp-image-1274\" title=\"Luan_Santana\" src=\"https:\/\/clickcarangola.com.br\/site\/wp-content\/uploads\/2011\/09\/Luan_Santana.jpg\" alt=\"\" width=\"211\" height=\"300\" \/>A produ\u00e7\u00e3o local do show de Luan Santana em Manhua\u00e7u divulgou nota oficial com informa\u00e7\u00f5es sobre o evento e detalhes com rela\u00e7\u00e3o a seguran\u00e7a, meia-entrada e acesso no dia do show, no pr\u00f3ximo domingo, dia 02, a partir de 18 horas no Parque de Exposi\u00e7\u00f5es da Ponte da Aldeia. Leia a \u00edntegra da nota divulgada pela organiza\u00e7\u00e3o local:<\/span><\/p>\n<p style=\"text-align: justify;\"><span style=\"color: #888888;\"><strong>NOTA OFICIAL<\/strong><\/span><\/p>\n<p style=\"text-align: justify;\"><span style=\"color: #888888;\">Em reuni\u00e3o no dia 20, com o Promotor Bruno Fernandes Torres Lana, foi esclarecido e demonstrado que a cota de 30% dos ingressos para estudantes foram respeitada e esgotada em 18\/09. O produtor local assinou a TAC junto ao MP na mesma data, resguardando os direitos dos estudantes e produtores contra falsifica\u00e7\u00f5es e cambistas, para correta aplica\u00e7\u00e3o da Lei 11.052\/93. Na mesma data, junto ao Procon de Manhua\u00e7u foram prestadas as informa\u00e7\u00f5es ao respons\u00e1vel Dr. M\u00e1rcio Silva Corr\u00eaa, demonstrando o cumprimento da Lei e novo sistema de vendas que permite a pr\u00e9-identifica\u00e7\u00e3o do adquirente do ingresso, investimento este feito pela produ\u00e7\u00e3o trazido de Curitiba-PR. Em acordo com o Minist\u00e9rio P\u00fablico foi convencionada a divulga\u00e7\u00e3o ampla dos seguintes esclarecimentos e informa\u00e7\u00f5es:<\/span><\/p>\n<p style=\"text-align: justify;\"><span style=\"color: #888888;\">\u2022\u00a0\u00a0 \u00a0N\u00e3o existe meia-entrada em camarotes e pista-premium, para nenhuma categoria e sim do ingresso mais barato. Brindes da produ\u00e7\u00e3o como CD e DVD tamb\u00e9m n\u00e3o s\u00e3o entregues com a meia-entrada, que tem a inten\u00e7\u00e3o de dar acesso cultural a quem, em tese, n\u00e3o tem condi\u00e7\u00f5es para tanto (estudantes e maiores de 60 anos).<\/span><\/p>\n<p style=\"text-align: justify;\"><span style=\"color: #888888;\">\u2022\u00a0\u00a0 \u00a0A cota de ingressos para estudantes e idosos (30%) est\u00e1 esgotada e esteve \u00e0 venda durante mais de 15 dias no escrit\u00f3rio da produ\u00e7\u00e3o e no site (que j\u00e1 foi atualizado de acordo com os novos lotes a venda). Os ingressos foram vendidos personalizados, havendo prova documental desta vendagem, que foi encaminhada ao Minist\u00e9rio P\u00fablico. As declara\u00e7\u00f5es de Escolas foram retidas para comprova\u00e7\u00e3o da vendagem.<\/span><\/p>\n<p style=\"text-align: justify;\"><span style=\"color: #888888;\">\u2022\u00a0\u00a0 \u00a0N\u00e3o h\u00e1 entrada franca para autoridades a paisana (pr\u00e1tica conhecida como carteirada), sendo liberado apenas para as autoridades em servi\u00e7o.<\/span><\/p>\n<p style=\"text-align: justify;\"><span style=\"color: #888888;\">\u2022\u00a0\u00a0 \u00a0A produ\u00e7\u00e3o local, por delibera\u00e7\u00e3o pessoal, j\u00e1 que n\u00e3o \u00e9 obrigada por lei, manter\u00e1 PROVISORIAMENE a venda de ingressos com desconto para menores de 14 anos, visando n\u00e3o onerar pais e m\u00e3es de fam\u00edlia, que dever\u00e3o obrigatoriamente estar presentes com os menores no evento, na mesma forma como aconteceu em evento recente e na Feira da Paz.<\/span><\/p>\n<p style=\"text-align: justify;\"><span style=\"color: #888888;\">\u2022\u00a0\u00a0 \u00a0Em reuni\u00e3o com o comando da 72\u00aa Cia da pol\u00edcia militar foi fechado o maior efetivo policial da hist\u00f3ria de eventos particulares. O dobro de todos os eventos j\u00e1 havidos anteriormente em Manhua\u00e7u. Ser\u00e3o 40 policiais militares com 02 viaturas e 02 motos, efetivo que se iguala ao da Feira da Paz (lembrando que aquela \u00e9 de port\u00f5es abertos, enquanto o Show do Luan Santana possui vendas de ingressos e controle r\u00edgido de portaria com detector de metais e revista). A Taxa de seguran\u00e7a p\u00fablica foi quitada.<\/span><\/p>\n<p style=\"text-align: justify;\"><span style=\"color: #888888;\">\u2022\u00a0\u00a0 \u00a0O evento ter\u00e1 c\u00e2meras para preven\u00e7\u00e3o e recorde de seguran\u00e7as. Documento de ID \u00e9 obrigat\u00f3rio (RG, CPF ou certid\u00e3o de Nascimento).<\/span><\/p>\n<p style=\"text-align: justify;\"><span style=\"color: #888888;\">\u2022\u00a0\u00a0 \u00a0Menores poder\u00e3o estar no camarote com os pais, contudo n\u00e3o ter\u00e3o acesso ao bar de cerveja (o controle \u00e9 feito por pulseiras que identificar\u00e3o os adultos). Adultos que repassarem bebida a menores ser\u00e3o flagrados pelas c\u00e2meras e encaminhados \u00e0s autoridades.<\/span><\/p>\n<p style=\"text-align: justify;\"><span style=\"color: #888888;\">\u2022\u00a0\u00a0 \u00a0A Abertura de port\u00f5es se dar\u00e1 uma hora mais cedo do que o previsto: As 18h. Haver\u00e1 shows de abertura e pra\u00e7a de alimenta\u00e7\u00e3o com assentos.<\/span><\/p>\n<p style=\"text-align: justify;\"><span style=\"color: #888888;\">\u2022\u00a0\u00a0 \u00a0O Evento \u201cLuan Santana\u201d limitar\u00e1 a quantidade de p\u00fablico a 15 mil pessoas, para assegurar assim o conforto do p\u00fablico pagante e qualidade do evento, respeitando todas as regras referentes ao decreto estadual 43.805\/04 e garantindo a qualidade do show.<\/span><\/p>\n<p style=\"text-align: justify;\"><span style=\"color: #888888;\">\u2022\u00a0\u00a0 \u00a0O carros que quiserem estacionar dentro do Parque de Exposi\u00e7\u00f5es dever\u00e3o seguir via acesso do bairro Lajinha, adquirindo os ingressos com pessoal autorizado e uniformizado na entrada do Parque. Haver\u00e1 entrada de dentro do estacionamento direto para o Parque evitando filas. Adquira antes seu ingresso. N\u00e3o ser\u00e1 liberada a passagem de carros pela ponte de acesso ao Parque, para seguran\u00e7a do p\u00fablico transeunte. O acesso estar\u00e1 impedido.<\/span><\/p>\n<p style=\"text-align: justify;\"><span style=\"color: #888888;\">\u2022\u00a0\u00a0 \u00a0Adquira seus ingressos nos postos autorizados e bilheteria. Cambistas e falsificadores ser\u00e3o detidos e o adquirente perder\u00e1 o seu ingresso (por que n\u00e3o estar\u00e1 validado). Adquira na bilheteria do evento ou nos postos oficiais.<\/span><\/p>\n<p style=\"text-align: justify;\"><span style=\"color: #888888;\">\u2022\u00a0\u00a0 \u00a0As Vendas de ingressos continuam na Ricardo Celular, Dell Anno e Versalle, sendo que os brindes de CD e DVD para pista premium e camarote est\u00e3o se esgotando. N\u00e3o h\u00e1 brindes para a pista comum. Os brindes s\u00e3o limitados.<\/span><\/p>\n<p style=\"text-align: justify;\"><span style=\"color: #888888;\">\u2022\u00a0\u00a0 \u00a0Seguem as vendas no www.aloingressos.com.br. A pessoa pode imprimir o pr\u00f3prio ingresso, com c\u00f3digo de barras, Com parcelamento em at\u00e9 12x, boletos e seguro pessoal dentro do evento.<\/span><\/p>\n<p style=\"text-align: justify;\"><span style=\"color: #888888;\">\u2022\u00a0\u00a0 \u00a0A entrada franca na Nitro Multshow nos dias 30\/09 e 07\/10 ser\u00e1 v\u00e1lida para as primeiras 800 pessoas que apresentarem o ingresso do show do Luan Santana na porta a partir das 23h. As atra\u00e7\u00f5es ser\u00e3o DJS e Bandas e entrada ser\u00e1 permitida somente a maiores de 18 anos na boate.<\/span><\/p>\n<p style=\"text-align: justify;\"><span style=\"color: #888888;\">\u2022\u00a0\u00a0 \u00a0Haver\u00e1 antes do show do Luan shows de abertura e pra\u00e7a de alimenta\u00e7\u00e3o com locais para assento e estrutura para atender as fam\u00edlias.<\/span><\/p>\n<p style=\"text-align: justify;\"><span style=\"color: #888888;\">\u2022\u00a0\u00a0 \u00a0A cerveja do evento, inclusive camarote ser\u00e1 a SKOL. Por delibera\u00e7\u00e3o da produ\u00e7\u00e3o o energ\u00e9tico oficial do evento foi substitu\u00eddo, entrando as marcas Red Bull e Red Hot como exclusivas.<\/span><\/p>\n<p style=\"text-align: justify;\"><span style=\"color: #888888;\">\u2022\u00a0\u00a0 \u00a0F\u00e3 clubes do Luan Santana de toda regi\u00e3o dever\u00e3o buscar e cadastrar o pedido de acesso a camarim diretamente no site www.luansantana.com.br.<\/span><\/p>\n<p style=\"text-align: justify;\"><span style=\"color: #888888;\">\u2022\u00a0\u00a0 \u00a0A produ\u00e7\u00e3o local n\u00e3o estar\u00e1 encaminhando ningu\u00e9m ao camarim, exceto 20 pessoas que j\u00e1 est\u00e3o selecionadas, de acordo com crit\u00e9rios particulares.<\/span><\/p>\n<p style=\"text-align: justify;\"><span style=\"color: #888888;\">\u2022\u00a0\u00a0 \u00a0Existem empresas parceiras do evento divulgando a promo\u00e7\u00e3o de acesso ao Camarim do artista Luan Santana. S\u00e3o elas: CNA, OBJETIVO, RODOG\u00c1S e INSTITUTO T\u00c9CNICO DE BELEZA IRIS. A produ\u00e7\u00e3o desautoriza outras promo\u00e7\u00f5es vinculadas ao show que n\u00e3o dos parceiros oficiais do evento.<\/span><\/p>\n<p style=\"text-align: justify;\"><span style=\"color: #888888;\">\u2022\u00a0\u00a0 \u00a0Recomendamos o transporte coletivo, t\u00e1xis e carona solid\u00e1ria. Haver\u00e3o na BR dezenas de estacionamentos de praxe. Se dirigir n\u00e3o beba.<\/span><\/p>\n<p style=\"text-align: justify;\"><span style=\"color: #888888;\">\u2022\u00a0\u00a0 \u00a0Com\u00e9rcio ilegal e sem alvar\u00e1 nas imedia\u00e7\u00f5es do evento ser\u00e1 coibido, com registro de BO para providencias futuras junto aos respons\u00e1veis.<\/span><\/p>\n<p style=\"text-align: justify;\"><span style=\"color: #888888;\">\u2022\u00a0\u00a0 \u00a0A Pol\u00edcia Rodovi\u00e1ria Federal j\u00e1 garantiu efetivo para amplo controle de transito na BR-262 em parceria com o evento, que estar\u00e1 instalando cones de seguran\u00e7a.<\/span><\/p>\n<p style=\"text-align: justify;\"><span style=\"color: #888888;\">Informa\u00e7\u00f5es: Altair Campos Jr.<\/span><\/p>\n<p style=\"text-align: justify;\"><strong><span style=\"color: #888888;\">Por: Click Carangola<\/span><\/strong><\/p>\n","protected":false},"excerpt":{"rendered":"<p>A produ\u00e7\u00e3o local do show de Luan Santana em Manhua\u00e7u divulgou nota oficial com informa\u00e7\u00f5es sobre o evento e detalhes com rela\u00e7\u00e3o a seguran\u00e7a, meia-entrada e acesso no dia do show, no pr\u00f3ximo domingo, dia 02, a partir de 18 horas no Parque de Exposi\u00e7\u00f5es da Ponte da Aldeia. Leia a \u00edntegra da nota divulgada [&hellip;]<\/p>\n","protected":false},"author":2,"featured_media":0,"comment_status":"open","ping_status":"open","sticky":false,"template":"","format":"standard","meta":{"footnotes":""},"categories":[1],"tags":[],"class_list":["post-1273","post","type-post","status-publish","format-standard","hentry","category-regional"],"_links":{"self":[{"href":"https:\/\/clickcarangola.com.br\/site\/wp-json\/wp\/v2\/posts\/1273","targetHints":{"allow":["GET"]}}],"collection":[{"href":"https:\/\/clickcarangola.com.br\/site\/wp-json\/wp\/v2\/posts"}],"about":[{"href":"https:\/\/clickcarangola.com.br\/site\/wp-json\/wp\/v2\/types\/post"}],"author":[{"embeddable":true,"href":"https:\/\/clickcarangola.com.br\/site\/wp-json\/wp\/v2\/users\/2"}],"replies":[{"embeddable":true,"href":"https:\/\/clickcarangola.com.br\/site\/wp-json\/wp\/v2\/comments?post=1273"}],"version-history":[{"count":4,"href":"https:\/\/clickcarangola.com.br\/site\/wp-json\/wp\/v2\/posts\/1273\/revisions"}],"predecessor-version":[{"id":1292,"href":"https:\/\/clickcarangola.com.br\/site\/wp-json\/wp\/v2\/posts\/1273\/revisions\/1292"}],"wp:attachment":[{"href":"https:\/\/clickcarangola.com.br\/site\/wp-json\/wp\/v2\/media?parent=1273"}],"wp:term":[{"taxonomy":"category","embeddable":true,"href":"https:\/\/clickcarangola.com.br\/site\/wp-json\/wp\/v2\/categories?post=1273"},{"taxonomy":"post_tag","embeddable":true,"href":"https:\/\/clickcarangola.com.br\/site\/wp-json\/wp\/v2\/tags?post=1273"}],"curies":[{"name":"wp","href":"https:\/\/api.w.org\/{rel}","templated":true}]}}