{"id":1294,"date":"2011-09-28T08:00:30","date_gmt":"2011-09-28T11:00:30","guid":{"rendered":"https:\/\/clickcarangola.com.br\/site\/?p=1294"},"modified":"2011-09-30T20:18:13","modified_gmt":"2011-09-30T23:18:13","slug":"pm-realiza-semana-do-transito-em-carangola","status":"publish","type":"post","link":"https:\/\/clickcarangola.com.br\/site\/28\/09\/2011\/pm-realiza-semana-do-transito-em-carangola\/","title":{"rendered":"PM realiza Semana do Tr\u00e2nsito em Carangola"},"content":{"rendered":"<p style=\"text-align: justify;\"><span style=\"color: #888888;\"><img loading=\"lazy\" decoding=\"async\" class=\"alignleft size-medium wp-image-1295\" title=\"Informa\u00e7\u00f5es: Pol\u00edcia Militar.\" src=\"https:\/\/clickcarangola.com.br\/site\/wp-content\/uploads\/2011\/09\/Semana-do-Tr\u00e2nsito-300x225.jpg\" alt=\"\" width=\"300\" height=\"226\" srcset=\"https:\/\/clickcarangola.com.br\/site\/wp-content\/uploads\/2011\/09\/Semana-do-Tr\u00e2nsito-300x225.jpg 300w, https:\/\/clickcarangola.com.br\/site\/wp-content\/uploads\/2011\/09\/Semana-do-Tr\u00e2nsito-100x75.jpg 100w, https:\/\/clickcarangola.com.br\/site\/wp-content\/uploads\/2011\/09\/Semana-do-Tr\u00e2nsito.jpg 640w\" sizes=\"auto, (max-width: 300px) 100vw, 300px\" \/>No per\u00edodo de 18 a 25 de setembro, a Pol\u00edcia Militar de Minas Gerais desenvolve\u00a0 atividades em comemora\u00e7\u00e3o a Semana Nacional de Tr\u00e2nsito, com o objetivo de chamar a aten\u00e7\u00e3o da popula\u00e7\u00e3o em geral para esse assunto pontual que acarreta graves problemas sociais, a exemplo disso, \u00e9 a vitimiza\u00e7\u00e3o de milhares de pessoas envolvidas em acidentes automobil\u00edsticos.<\/span><\/p>\n<p style=\"text-align: justify;\"><span style=\"color: #888888;\">O tema escolhido pelo Conselho Nacional de Tr\u00e2nsito nesse ano foi: D\u00c9CADA MUNDIAL DE A\u00c7\u00d5ES PARA A SEGURAN\u00c7A DO TR\u00c2NSITO &#8211; 2011\/2020: \u201cJUNTOS PODEMOS SALVAR MILH\u00d5ES DE VIDAS\u201d. A 75\u00aa Cia Esp PM em conjunto com o 4\u00ba GPPM Rv, visando sempre desenvolver a\u00e7\u00f5es que envolvam todos os seguimentos da sociedade na conscientiza\u00e7\u00e3o e orienta\u00e7\u00e3o sobre as atitudes de preven\u00e7\u00e3o, desenvolveram algumas atividades de educa\u00e7\u00e3o e humaniza\u00e7\u00e3o no tr\u00e2nsito.<\/span><\/p>\n<p style=\"text-align: justify;\"><span style=\"color: #888888;\">Durante a semana, os militares que ficaram encarregados pela execu\u00e7\u00e3o e realiza\u00e7\u00e3o do evento, foram CB PM Fabiano <strong>Pinheiro<\/strong> Rosa (4\u00aa CIA PM IND MAT\/4\u00ba GP PM RV- DE CARANGOLA\/MG) e SD PM <strong>F\u00e1bio<\/strong> Junior Alonso Fernandes (47\u00ba BPM\/75\u00aa CIA ESP PM), ministraram palestras em v\u00e1rias escolas (P\u00daBLICAS E PARTCULARES) da cidade e regi\u00e3o. Aproximadamente mais de seis mil crian\u00e7as e adolescentes do ensino fundamental e m\u00e9dio foram instru\u00eddos acerca do Tema deste ano.<\/span><\/p>\n<p style=\"text-align: justify;\"><span style=\"color: #888888;\">Nos dias 23, 24 e 25 de setembro de 2011, com apoio obtido junto \u00e0s empresas, PROERD\/JCC \u2013 Jovens Construindo a Cidadania ,\u00a0 e de materiais doados pelo DER, conseguiram realizar tal evento com qualidade e profissionalismo. Foram realizadas carreatas passando pelas principais ruas da cidade com ve\u00edculos particulares, viaturas e guinchos transportando ve\u00edculos danificados em acidentes automobil\u00edsticos. Tal carreata culminou em uma parada no centro da cidade onde ocorreram Blitz Educativa com distribui\u00e7\u00e3o de folders, panfletos informativos, revistas e sacos de lixo. Todo esse material foi distribu\u00eddo para os condutores de ve\u00edculos e pedestres que por l\u00e1 passaram.<\/span><\/p>\n<p style=\"text-align: justify;\"><span style=\"color: #888888;\"><img loading=\"lazy\" decoding=\"async\" class=\"alignleft size-medium wp-image-1296\" title=\"Informa\u00e7\u00f5es: Pol\u00edcia Militar.\" src=\"https:\/\/clickcarangola.com.br\/site\/wp-content\/uploads\/2011\/09\/Semana-do-Tr\u00e2nsito_02-300x225.jpg\" alt=\"\" width=\"300\" height=\"226\" srcset=\"https:\/\/clickcarangola.com.br\/site\/wp-content\/uploads\/2011\/09\/Semana-do-Tr\u00e2nsito_02-300x225.jpg 300w, https:\/\/clickcarangola.com.br\/site\/wp-content\/uploads\/2011\/09\/Semana-do-Tr\u00e2nsito_02-100x75.jpg 100w, https:\/\/clickcarangola.com.br\/site\/wp-content\/uploads\/2011\/09\/Semana-do-Tr\u00e2nsito_02.jpg 640w\" sizes=\"auto, (max-width: 300px) 100vw, 300px\" \/>Na Pra\u00e7a central da cidade, foram montados estandes, sendo expostos Banes e faixas da Campanha; havia uma vinheta com mensagens preventivas sobre o tema em quest\u00e3o; distribui\u00e7\u00e3o de materiais e exposi\u00e7\u00e3o de um carro e uma moto, que foram danificados em virtude de acidentes automobil\u00edsticos; de um caix\u00e3o contendo dizeres alertando as pessoas dos cuidados e obriga\u00e7\u00e3o no tr\u00e2nsito.<\/span><\/p>\n<p style=\"text-align: justify;\"><span style=\"color: #888888;\">No dia 25 de setembro de 2011 as atividades da Semana Nacional de Tr\u00e2nsito fora, encerradas, \u00e0 noite no centro da cidade, sendo montado estande na Pra\u00e7a, com exposi\u00e7\u00e3o de Banners da Campanha e principalmente fora exibido um v\u00eddeo contendo diversas cenas, dizeres e depoimentos alertando a todos dos cuidados que devem ser seguidos na condu\u00e7\u00e3o de ve\u00edculos, na utiliza\u00e7\u00e3o das vias urbanas, mesmo na condi\u00e7\u00e3o de pedestre.<\/span><\/p>\n<p style=\"text-align: justify;\"><span style=\"color: #888888;\">Fa\u00e7a a sua parte na luta por um tr\u00e2nsito mais humano e seguro. Trabalhos como estes trazem resultados positivos, pois usu\u00e1rios e utilit\u00e1rios da via passam a <strong>abra\u00e7ar a pr\u00f3pria vida<\/strong>, sem\u00a0precisar que outros abracem por eles, tornam o trabalho gratificante e enriquecedor.<\/span><\/p>\n<p style=\"text-align: justify;\"><strong><span style=\"color: #888888;\">Por: Click Carangola<\/span><\/strong><\/p>\n","protected":false},"excerpt":{"rendered":"<p>No per\u00edodo de 18 a 25 de setembro, a Pol\u00edcia Militar de Minas Gerais desenvolve\u00a0 atividades em comemora\u00e7\u00e3o a Semana Nacional de Tr\u00e2nsito, com o objetivo de chamar a aten\u00e7\u00e3o da popula\u00e7\u00e3o em geral para esse assunto pontual que acarreta graves problemas sociais, a exemplo disso, \u00e9 a vitimiza\u00e7\u00e3o de milhares de pessoas envolvidas em [&hellip;]<\/p>\n","protected":false},"author":2,"featured_media":0,"comment_status":"open","ping_status":"open","sticky":false,"template":"","format":"standard","meta":{"footnotes":""},"categories":[37,1],"tags":[],"class_list":["post-1294","post","type-post","status-publish","format-standard","hentry","category-carangola-mg","category-regional"],"_links":{"self":[{"href":"https:\/\/clickcarangola.com.br\/site\/wp-json\/wp\/v2\/posts\/1294","targetHints":{"allow":["GET"]}}],"collection":[{"href":"https:\/\/clickcarangola.com.br\/site\/wp-json\/wp\/v2\/posts"}],"about":[{"href":"https:\/\/clickcarangola.com.br\/site\/wp-json\/wp\/v2\/types\/post"}],"author":[{"embeddable":true,"href":"https:\/\/clickcarangola.com.br\/site\/wp-json\/wp\/v2\/users\/2"}],"replies":[{"embeddable":true,"href":"https:\/\/clickcarangola.com.br\/site\/wp-json\/wp\/v2\/comments?post=1294"}],"version-history":[{"count":2,"href":"https:\/\/clickcarangola.com.br\/site\/wp-json\/wp\/v2\/posts\/1294\/revisions"}],"predecessor-version":[{"id":1298,"href":"https:\/\/clickcarangola.com.br\/site\/wp-json\/wp\/v2\/posts\/1294\/revisions\/1298"}],"wp:attachment":[{"href":"https:\/\/clickcarangola.com.br\/site\/wp-json\/wp\/v2\/media?parent=1294"}],"wp:term":[{"taxonomy":"category","embeddable":true,"href":"https:\/\/clickcarangola.com.br\/site\/wp-json\/wp\/v2\/categories?post=1294"},{"taxonomy":"post_tag","embeddable":true,"href":"https:\/\/clickcarangola.com.br\/site\/wp-json\/wp\/v2\/tags?post=1294"}],"curies":[{"name":"wp","href":"https:\/\/api.w.org\/{rel}","templated":true}]}}