{"id":1331,"date":"2011-10-03T06:33:54","date_gmt":"2011-10-03T09:33:54","guid":{"rendered":"https:\/\/clickcarangola.com.br\/site\/?p=1331"},"modified":"2011-10-03T18:10:29","modified_gmt":"2011-10-03T21:10:29","slug":"cidades-da-zona-da-mata-e-vertentes-registram-recorde-de-temperatura-no-fim-de-semana","status":"publish","type":"post","link":"https:\/\/clickcarangola.com.br\/site\/03\/10\/2011\/cidades-da-zona-da-mata-e-vertentes-registram-recorde-de-temperatura-no-fim-de-semana\/","title":{"rendered":"Cidades da Zona da Mata e Vertentes registram recorde de temperatura no fim de semana"},"content":{"rendered":"<p style=\"text-align: justify;\"><span style=\"color: #888888;\">Cidades da Zona da Mata e Vertentes registraram recorde de temperatura nesse domingo (02). Os term\u00f4metros em Barbacena chegaram a 33,1\u00baC e em Juiz de Fora, 33,3\u00baC.\u00a0 J\u00e1 em Vi\u00e7osa, segundo o 5\u00ba Distrito de Meteorologia, no s\u00e1bado (1\u00ba) a cidade repetiu a temperatura mais quente do ano registrada em 10 de janeiro: 33,6\u00ba. <\/span><\/p>\n<p style=\"text-align: justify;\"><span style=\"color: #888888;\">Mas esta segunda-feira (03) come\u00e7ou com chuva e baixas temperaturas na regi\u00e3o por causa da passagem de uma frente fria. Desde \u00e0s 18h desse domingo choveu uma m\u00e9dia de cinco mil\u00edmetros, uma chuva fraca, em Barbacena e Juiz de Fora. J\u00e1 em S\u00e3o Jo\u00e3o del Rei, a chuva veio mais forte: quase 14 mil\u00edmetros. Mas a expectativa do 5\u00ba Distrito \u00e9 que o per\u00edodo chuvoso comece para valer em novembro.<\/span><\/p>\n<p style=\"text-align: justify;\"><span style=\"color: #888888;\">Informa\u00e7\u00f5es: Mega Minas<\/span><\/p>\n<p style=\"text-align: justify;\"><strong><span style=\"color: #888888;\">Por: Click Carangola<\/span><\/strong><\/p>\n","protected":false},"excerpt":{"rendered":"<p>Cidades da Zona da Mata e Vertentes registraram recorde de temperatura nesse domingo (02). Os term\u00f4metros em Barbacena chegaram a 33,1\u00baC e em Juiz de Fora, 33,3\u00baC.\u00a0 J\u00e1 em Vi\u00e7osa, segundo o 5\u00ba Distrito de Meteorologia, no s\u00e1bado (1\u00ba) a cidade repetiu a temperatura mais quente do ano registrada em 10 de janeiro: 33,6\u00ba. Mas [&hellip;]<\/p>\n","protected":false},"author":2,"featured_media":0,"comment_status":"open","ping_status":"open","sticky":false,"template":"","format":"standard","meta":{"footnotes":""},"categories":[1],"tags":[],"class_list":["post-1331","post","type-post","status-publish","format-standard","hentry","category-regional"],"_links":{"self":[{"href":"https:\/\/clickcarangola.com.br\/site\/wp-json\/wp\/v2\/posts\/1331","targetHints":{"allow":["GET"]}}],"collection":[{"href":"https:\/\/clickcarangola.com.br\/site\/wp-json\/wp\/v2\/posts"}],"about":[{"href":"https:\/\/clickcarangola.com.br\/site\/wp-json\/wp\/v2\/types\/post"}],"author":[{"embeddable":true,"href":"https:\/\/clickcarangola.com.br\/site\/wp-json\/wp\/v2\/users\/2"}],"replies":[{"embeddable":true,"href":"https:\/\/clickcarangola.com.br\/site\/wp-json\/wp\/v2\/comments?post=1331"}],"version-history":[{"count":3,"href":"https:\/\/clickcarangola.com.br\/site\/wp-json\/wp\/v2\/posts\/1331\/revisions"}],"predecessor-version":[{"id":1333,"href":"https:\/\/clickcarangola.com.br\/site\/wp-json\/wp\/v2\/posts\/1331\/revisions\/1333"}],"wp:attachment":[{"href":"https:\/\/clickcarangola.com.br\/site\/wp-json\/wp\/v2\/media?parent=1331"}],"wp:term":[{"taxonomy":"category","embeddable":true,"href":"https:\/\/clickcarangola.com.br\/site\/wp-json\/wp\/v2\/categories?post=1331"},{"taxonomy":"post_tag","embeddable":true,"href":"https:\/\/clickcarangola.com.br\/site\/wp-json\/wp\/v2\/tags?post=1331"}],"curies":[{"name":"wp","href":"https:\/\/api.w.org\/{rel}","templated":true}]}}