{"id":1334,"date":"2011-10-01T19:00:12","date_gmt":"2011-10-01T22:00:12","guid":{"rendered":"https:\/\/clickcarangola.com.br\/site\/?p=1334"},"modified":"2011-10-03T18:09:07","modified_gmt":"2011-10-03T21:09:07","slug":"governo-do-espirito-santo-entrega-r-26-milhoes-em-investimentos-ao-municipio-de-guacui","status":"publish","type":"post","link":"https:\/\/clickcarangola.com.br\/site\/01\/10\/2011\/governo-do-espirito-santo-entrega-r-26-milhoes-em-investimentos-ao-municipio-de-guacui\/","title":{"rendered":"Governo do Esp\u00edrito Santo entrega R$ 2,6 milh\u00f5es em investimentos ao munic\u00edpio de Gua\u00e7u\u00ed"},"content":{"rendered":"<p style=\"text-align: justify;\"><span style=\"color: #888888;\"><img loading=\"lazy\" decoding=\"async\" class=\"alignleft size-medium wp-image-1335\" title=\"Foto: Thiago Guimar\u00e3es\/Secom-ES\" src=\"https:\/\/clickcarangola.com.br\/site\/wp-content\/uploads\/2011\/10\/Renato-Casagrande-300x198.jpg\" alt=\"\" width=\"300\" height=\"226\" \/>Renato Casagrande reafirmou a import\u00e2ncia da parceria com os munic\u00edpios, durante a solenidade em Gua\u00e7u\u00ed. <\/span><\/p>\n<p style=\"text-align: justify;\"><span style=\"color: #888888;\">O munic\u00edpio de Gua\u00e7u\u00ed \u2013 na Regi\u00e3o do Capara\u00f3, Sul do Estado, comemora neste fim de semana, a 53\u00aa edi\u00e7\u00e3o da tradicional Expoagro, ocasi\u00e3o em que tamb\u00e9m celebra a festa do padroeiro da cidade, S\u00e3o Miguel Arcanjo. E a popula\u00e7\u00e3o local ganhou outro importante motivo para comemorar neste s\u00e1bado (01), j\u00e1 que o Governo do Estado entregou mais de R$ 2,6 milh\u00f5es em investimentos nas \u00e1reas da Sa\u00fade, Agricultura e na Habita\u00e7\u00e3o ao munic\u00edpio.<\/span><\/p>\n<p style=\"text-align: justify;\"><span style=\"color: #888888;\">O governador Renato Casagrande e comitiva, formada pelos secret\u00e1rios de Estado de Saneamento, Habita\u00e7\u00e3o e Desenvolvimento Urbano, Iranilson Casado; da Agricultura, Aquicultura e Pesca, Enio Bergoli; da Sa\u00fade, Tadeu Marino, al\u00e9m da diretora-presidente do Idurb-ES Helena Zorzal, passou mais de quatro horas no munic\u00edpio visitando obras, inaugurando investimentos e anunciando novas parcerias.<\/span><\/p>\n<p style=\"text-align: justify;\"><span style=\"color: #888888;\">Tamb\u00e9m participaram dos eventos deputados estaduais, federais, o prefeito municipal Vagner Pereira, al\u00e9m dos prefeitos de Alegre e Dores do Rio Preto, vereadores da regi\u00e3o, popula\u00e7\u00e3o em geral e lideran\u00e7as locais. O governador Renato Casagrande tamb\u00e9m acompanhou o prefeito em inaugura\u00e7\u00f5es de obras feitas com recursos pr\u00f3prios do munic\u00edpio.<\/span><\/p>\n<p style=\"text-align: justify;\"><span style=\"color: #888888;\">O governador Renato Casagrande destacou que a visita ao munic\u00edpio de Gua\u00e7u\u00ed teve um car\u00e1ter simb\u00f3lico, j\u00e1 que a atual gest\u00e3o chegou neste s\u00e1bado aos seus nove meses completos \u00e0 frente do Governo do Estado. \u201cEstamos aqui celebrando estes investimentos e tamb\u00e9m reafirmando a nossa parceria com os munic\u00edpios. Temos responsabilidade com os investimentos p\u00fablicos e, por isso, mantivemos todos os compromissos firmados pelo governo anterior e, agora, tamb\u00e9m j\u00e1 entregamos novas obras e anunciamos outras importantes parcerias com Gua\u00e7u\u00ed, dentro da nossa meta de descentralizar o desenvolvimento e gerar oportunidades para todos os capixabas\u201d, disse.<\/span><\/p>\n<p style=\"text-align: justify;\"><span style=\"color: #888888;\">Habita\u00e7\u00e3o<\/span><\/p>\n<p style=\"text-align: justify;\"><span style=\"color: #888888;\">Na \u00e1rea da habita\u00e7\u00e3o, mais 49 fam\u00edlias de baixa renda da cidade foram contempladas com a entrega das casas populares constru\u00eddas no distrito de S\u00e3o Pedro de Rates, no in\u00edcio da manh\u00e3, logo que a comitiva do Governo do Estado chegou ao munic\u00edpio.<\/span><\/p>\n<p style=\"text-align: justify;\"><span style=\"color: #888888;\">Para a execu\u00e7\u00e3o do residencial \u2013 constru\u00eddo em parceria com o Governo Federal, foram investidos R$ 1.681.108,66. Com a entrega de mais este empreendimento, o Governo segue refor\u00e7ando seu prop\u00f3sito de reduzir o d\u00e9ficit habitacional, ao mesmo tempo em que proporciona melhores condi\u00e7\u00f5es de vida \u00e0 popula\u00e7\u00e3o capixaba.<\/span><\/p>\n<p style=\"text-align: justify;\"><span style=\"color: #888888;\">As resid\u00eancias foram constru\u00eddas em S\u00e3o Pedro de Rates, um dos primeiros e principais distritos do munic\u00edpio de Gua\u00e7u\u00ed. O secret\u00e1rio Iran\u00edlson Casado ressaltou que tem sido uma constante em seu trabalho entregar obras que valorizam a cidade e modificam a vida das pessoas.<\/span><\/p>\n<p style=\"text-align: justify;\"><span style=\"color: #888888;\">Casado agradeceu muito a presen\u00e7a das fam\u00edlias que participaram do evento. \u201cTodos voc\u00eas v\u00eam nos honrar com a presen\u00e7a nesta solenidade, quando o Governo do Estado reafirma seu compromisso de zelar pelo cuidado com as fam\u00edlias que precisam de moradia e melhorias nas suas vidas. Fico satisfeito de poder participar destes importantes momentos para o Esp\u00edrito Santo\u201d.<\/span><\/p>\n<p style=\"text-align: justify;\"><span style=\"color: #888888;\">Vanessa Marine Pereira, trabalhadora rural, 26 anos disse: \u201cestamos muito satisfeitos. Vivemos muitos anos no aluguel. O dinheiro do aluguel vai sobrar para melhorar a vida dos meus filhos. Se tudo der certo, amanh\u00e3 mesmo estamos mudando\u201d, comemora Vanessa.<\/span><\/p>\n<p style=\"text-align: justify;\"><span style=\"color: #888888;\">Maris\u00e2ngela Pereira da Silva Cunha, dom\u00e9stica, 37 anos destacou a import\u00e2ncia da casa para sua fam\u00edlia. \u201cPara mim, essa casa \u00e9 tudo. Vivemos sempre em dificuldade e a primeira casa \u00e9 ainda mais especial. Minha filha sempre cobrou um quarto, e agora ela vai ter um s\u00f3 dela\u201d, disse Maris\u00e2ngela.<\/span><\/p>\n<p style=\"text-align: justify;\"><span style=\"color: #888888;\">\u201cN\u00e3o estamos construindo apenas novas edifica\u00e7\u00f5es neste local, mas transformando a vida das pessoas, dando dignidade e a possibilidade de constru\u00edrem uma vida melhor\u201d, celebrou o governador Casagrande.<\/span><\/p>\n<p style=\"text-align: justify;\"><span style=\"color: #888888;\">Mais casas<\/span><\/p>\n<p style=\"text-align: justify;\"><span style=\"color: #888888;\">O Governo do Esp\u00edrito Santo, por meio do Idurb-ES, j\u00e1 entregou 553 casas em v\u00e1rios munic\u00edpios do Estado. Foram beneficiadas fam\u00edlias de Jer\u00f4nimo Monteiro, Cachoeiro de Itapemirim, Ponto Belo, Ibatiba, Mucurici, Pedro Can\u00e1rio, Baixo Guandu, \u00c1gua Doce do Norte, Montanha, Boa Esperan\u00e7a, Alegre, Iconha e Venda Nova do Imigrante.<\/span><\/p>\n<p style=\"text-align: justify;\"><span style=\"color: #888888;\">Agricultura \u2013 for\u00e7a para os produtores rurais<\/span><\/p>\n<p style=\"text-align: justify;\"><span style=\"color: #888888;\">Outra a\u00e7\u00e3o do Governo do Esp\u00edrito Santo ser\u00e1 o investimento no galp\u00e3o da Cooperativa dos Produtores Rurais do Esp\u00edrito Santo (Coopres), que foi inaugurado durante as festas de anivers\u00e1rio do munic\u00edpio. Ser\u00e3o adquiridos equipamentos para os agricultores que facilitar\u00e3o a produ\u00e7\u00e3o da regi\u00e3o. A compra ser\u00e1 realizada pela Secretaria de Estado da Agricultura, Abastecimento, Aquicultura e Pesca (Seag), por meio do Programa Nacional de Fortalecimento da Agricultura Familiar \u2013 Pronaf Capixaba.<\/span><\/p>\n<p style=\"text-align: justify;\"><span style=\"color: #888888;\">O valor do investimento ser\u00e1 de R$175.605,57 para aquisi\u00e7\u00e3o dos 33 equipamentos destinados \u00e0 produ\u00e7\u00e3o de caf\u00e9. Tamb\u00e9m foram investidos pela Prefeitura de Gua\u00e7u\u00ed, para o benef\u00edcio do galp\u00e3o, de 400 metros quadrados, R$ 200 mil para as obras de infraestrutura externa, como o cal\u00e7amento da \u00e1rea, facilitando o escoamento da produ\u00e7\u00e3o, j\u00e1 o Minist\u00e9rio do Desenvolvimento Agr\u00e1rio (MDA) destinou R$ 345 mil para a compra de maquin\u00e1rios direcionados ao caf\u00e9, milho e feij\u00e3o.<\/span><\/p>\n<p style=\"text-align: justify;\"><span style=\"color: #888888;\">\u201cAqui teremos importantes investimentos para agregar valor \u00e0 produ\u00e7\u00e3o do caf\u00e9 da Regi\u00e3o Sul do Esp\u00edrito Santo, inclusive com uma unidade pr\u00f3pria de torrefa\u00e7\u00e3o. O governador Renato Casagrande aprovou a inclus\u00e3o de R$ 200 mil no Pronaf Capixaba, que ser\u00e3o usados para a compra de equipamentos para a cooperativa. Portanto, temos que celebrar este momento hist\u00f3rico, em que, apenas na \u00e1rea da Agricultura, incluindo os recursos para obras do Programa Caminhos do Campo, aproximadamente R$ 11 milh\u00f5es est\u00e3o sendo investidos no munic\u00edpio de Gua\u00e7u\u00ed\u201d, avalia o secret\u00e1rio da Agricultura Enio Bergoli.<\/span><\/p>\n<p style=\"text-align: justify;\"><span style=\"color: #888888;\">\u201cO galp\u00e3o Jos\u00e9 Ferraz de Oliveira ser\u00e1 um local onde os produtores ter\u00e3o um espa\u00e7o para guardarem suas colheitas\u201d, afirma o presidente da cooperativa, Ricardo Nunes.<\/span><\/p>\n<p style=\"text-align: justify;\"><span style=\"color: #888888;\">Caminhos do Campo<\/span><\/p>\n<p style=\"text-align: justify;\"><span style=\"color: #888888;\">Durante o evento foi anunciada a publica\u00e7\u00e3o do edital do \u2018Caminhos do Campo\u2019, que vai ligar a estrada entre o Vale do Sol ao Assentamento Luiz Tailuri Neto. Para a execu\u00e7\u00e3o do asfaltamento do trecho, de mais de 15 quil\u00f4metros, ser\u00e3o investidos cerca de R$ 9.152.520,57.<\/span><\/p>\n<p style=\"text-align: justify;\"><span style=\"color: #888888;\">Mais sa\u00fade<\/span><\/p>\n<p style=\"text-align: justify;\"><span style=\"color: #888888;\">Tamb\u00e9m durante a cerim\u00f4nia oficial, ap\u00f3s visitar os novos 10 leitos que ser\u00e3o abertos por meio de conv\u00eanio entre Governo e Santa Casa de Miseric\u00f3rdia de Gua\u00e7u\u00ed,, o secret\u00e1rio da Sa\u00fade Tadeu Marino tamb\u00e9m destacou o ineditismo desta a\u00e7\u00e3o.<\/span><\/p>\n<p style=\"text-align: justify;\"><span style=\"color: #888888;\">\u201cFazemos conv\u00eanios e contratos apenas com institui\u00e7\u00f5es e governos que est\u00e3o bem preparados e estruturados e, por isso, temos esta parceria com a Santa Casa de Gua\u00e7u\u00ed, e que agora ser\u00e1 ampliada. J\u00e1 destinamos R$ 4,7 milh\u00f5es \u00e0 institui\u00e7\u00e3o no in\u00edcio do ano para serem aplicados na melhoria dos servi\u00e7os de aten\u00e7\u00e3o \u00e0 comunidade e viemos hoje celebrar novo conv\u00eanio, no valor de R$ 747 mil, em que, pela primeira vez, leitos de UTI ser\u00e3o custeados pelo Governo do Estado no interior\u201d, destacou Tadeu Marino.<\/span><\/p>\n<p style=\"text-align: justify;\"><span style=\"color: #888888;\">\u201cO conv\u00eanio com a Santa Casa \u00e9 inovador e hist\u00f3rico, mas temos a certeza de estarmos trilhando o caminho correto, de descentraliza\u00e7\u00e3o dos investimentos, da transforma\u00e7\u00e3o de cidades polo em verdadeiros prestadores de servi\u00e7os para a popula\u00e7\u00e3o da regi\u00e3o em que se situam, para que os cidad\u00e3os de todo o Estado possam ter os mais relevantes servi\u00e7os do Governo do Estado prestados na localidade em que residem\u201d, contextualizou o governador Renato Casagrande.<\/span><\/p>\n<p style=\"text-align: justify;\"><span style=\"color: #888888;\">Al\u00e9m dos novos 10 leitos, Gua\u00e7u\u00ed tamb\u00e9m ter\u00e1 uma nova Farm\u00e1cia Cidad\u00e3, fruto de outra parceria firmada entre Governo do Estado e a Prefeitura. A Farm\u00e1cia Cidad\u00e3 disponibilizar\u00e1 medicamentos da aten\u00e7\u00e3o b\u00e1sica. \u00c9 inspirada no conceito da Farm\u00e1cia Cidad\u00e3 Estadual e conta com ambiente climatizado e confort\u00e1vel e atendimento farmac\u00eautico.<\/span><\/p>\n<p style=\"text-align: justify;\"><span style=\"color: #888888;\">A Sesa repassa R$ 20 mil como est\u00edmulo financeiro para a concretiza\u00e7\u00e3o de cada projeto da Farm\u00e1cia Cidad\u00e3 Municipal. Atualmente sete Farm\u00e1cias Cidad\u00e3s Municipais est\u00e3o em funcionamento no Esp\u00edrito Santo, em \u00c1gua Doce do Norte, Irupi, Vila Velha, Muniz Freire, Nova Ven\u00e9cia, Baixo Guandu e Ibira\u00e7u. Cada unidade atende a uma popula\u00e7\u00e3o de 12 mil habitantes do munic\u00edpio, com capacidade de atendimento de 1.400 pacientes por m\u00eas.<\/span><\/p>\n<p style=\"text-align: justify;\"><span style=\"color: #888888;\">Mais investimentos em sa\u00fade em Gua\u00e7ui<\/span><\/p>\n<p style=\"text-align: justify;\"><span style=\"color: #888888;\">Est\u00e1 em constru\u00e7\u00e3o uma Unidade Sa\u00fade da Fam\u00edlia, no bairro Jo\u00e3o Ferraz de Ara\u00fajo, com espa\u00e7o f\u00edsico de 600 metros quadrados e a capacidade de atendimento de, no m\u00ednimo, seis mil pacientes.<\/span><\/p>\n<p style=\"text-align: justify;\"><span style=\"color: #888888;\">A unidade contar\u00e1 com cinco consult\u00f3rios (sendo um multidisciplinar e um odontol\u00f3gico, com duas cadeiras), espa\u00e7o para higiene bucal, sala de inala\u00e7\u00e3o, imuniza\u00e7\u00e3o, suturas e curativos, farm\u00e1cia, audit\u00f3rio com 78 lugares e ambientes administrativos.<\/span><\/p>\n<p style=\"text-align: justify;\"><span style=\"color: #888888;\">A Sesa repassou R$ 1.165.000,00 para a constru\u00e7\u00e3o da unidade. Essa \u00e9 uma das 57 unidades que o Governo Estadual est\u00e1 construindo em 44 munic\u00edpios. O investimento total ultrapassa R$ 60 milh\u00f5es para abranger uma popula\u00e7\u00e3o aproximada de 350 mil pessoas.<\/span><\/p>\n<p style=\"text-align: justify;\"><strong><span style=\"color: #888888;\">Por: Click Carangola<\/span><\/strong><\/p>\n","protected":false},"excerpt":{"rendered":"<p>Renato Casagrande reafirmou a import\u00e2ncia da parceria com os munic\u00edpios, durante a solenidade em Gua\u00e7u\u00ed. O munic\u00edpio de Gua\u00e7u\u00ed \u2013 na Regi\u00e3o do Capara\u00f3, Sul do Estado, comemora neste fim de semana, a 53\u00aa edi\u00e7\u00e3o da tradicional Expoagro, ocasi\u00e3o em que tamb\u00e9m celebra a festa do padroeiro da cidade, S\u00e3o Miguel Arcanjo. E a popula\u00e7\u00e3o [&hellip;]<\/p>\n","protected":false},"author":2,"featured_media":0,"comment_status":"open","ping_status":"open","sticky":false,"template":"","format":"standard","meta":{"footnotes":""},"categories":[1],"tags":[],"class_list":["post-1334","post","type-post","status-publish","format-standard","hentry","category-regional"],"_links":{"self":[{"href":"https:\/\/clickcarangola.com.br\/site\/wp-json\/wp\/v2\/posts\/1334","targetHints":{"allow":["GET"]}}],"collection":[{"href":"https:\/\/clickcarangola.com.br\/site\/wp-json\/wp\/v2\/posts"}],"about":[{"href":"https:\/\/clickcarangola.com.br\/site\/wp-json\/wp\/v2\/types\/post"}],"author":[{"embeddable":true,"href":"https:\/\/clickcarangola.com.br\/site\/wp-json\/wp\/v2\/users\/2"}],"replies":[{"embeddable":true,"href":"https:\/\/clickcarangola.com.br\/site\/wp-json\/wp\/v2\/comments?post=1334"}],"version-history":[{"count":1,"href":"https:\/\/clickcarangola.com.br\/site\/wp-json\/wp\/v2\/posts\/1334\/revisions"}],"predecessor-version":[{"id":1336,"href":"https:\/\/clickcarangola.com.br\/site\/wp-json\/wp\/v2\/posts\/1334\/revisions\/1336"}],"wp:attachment":[{"href":"https:\/\/clickcarangola.com.br\/site\/wp-json\/wp\/v2\/media?parent=1334"}],"wp:term":[{"taxonomy":"category","embeddable":true,"href":"https:\/\/clickcarangola.com.br\/site\/wp-json\/wp\/v2\/categories?post=1334"},{"taxonomy":"post_tag","embeddable":true,"href":"https:\/\/clickcarangola.com.br\/site\/wp-json\/wp\/v2\/tags?post=1334"}],"curies":[{"name":"wp","href":"https:\/\/api.w.org\/{rel}","templated":true}]}}