{"id":13510,"date":"2013-09-26T06:30:20","date_gmt":"2013-09-26T09:30:20","guid":{"rendered":"https:\/\/clickcarangola.com.br\/site\/?p=13510"},"modified":"2013-09-26T10:09:45","modified_gmt":"2013-09-26T13:09:45","slug":"sao-francisco-do-gloria-se-prepara-para-a-tradicional-festa-do-carro-de-boi","status":"publish","type":"post","link":"https:\/\/clickcarangola.com.br\/site\/26\/09\/2013\/sao-francisco-do-gloria-se-prepara-para-a-tradicional-festa-do-carro-de-boi\/","title":{"rendered":"S\u00e3o Francisco do Gl\u00f3ria se prepara para a tradicional Festa do Carro de Boi"},"content":{"rendered":"<p style=\"text-align: justify;\"><span style=\"color: #888888;\"><img loading=\"lazy\" decoding=\"async\" class=\"size-full wp-image-13511 alignleft\" title=\"\" src=\"https:\/\/clickcarangola.com.br\/site\/wp-content\/uploads\/2013\/09\/Festa-SFG.jpg\" alt=\"\" width=\"300\" height=\"226\" srcset=\"https:\/\/clickcarangola.com.br\/site\/wp-content\/uploads\/2013\/09\/Festa-SFG.jpg 600w, https:\/\/clickcarangola.com.br\/site\/wp-content\/uploads\/2013\/09\/Festa-SFG-300x225.jpg 300w, https:\/\/clickcarangola.com.br\/site\/wp-content\/uploads\/2013\/09\/Festa-SFG-100x75.jpg 100w\" sizes=\"auto, (max-width: 300px) 100vw, 300px\" \/>O munic\u00edpio de S\u00e3o Francisco do Gl\u00f3ria se prepara para realizar, entre os dias 4 e 6 de outubro, sua tradicional \u201cFesta do Carro de Boi\u201d, que chega \u00e0 16\u00aa edi\u00e7\u00e3o com programa\u00e7\u00e3o de shows, missa campal e desfile.<\/span><\/p>\n<p style=\"text-align: justify;\"><span style=\"color: #888888;\">O evento \u00e9 promovido pela Prefeitura e pela Secretaria de Cultura e ir\u00e1 acontecer no Parque de Exposi\u00e7\u00f5es Waldir Carvalho, com entrada gratuita.<!--more--><\/span><\/p>\n<p style=\"text-align: justify;\"><span style=\"color: #888888;\">A Festa come\u00e7a na tarde de sexta-feira (04\/10), com Desfile em Homenagem ao Padroeiro S\u00e3o Francisco de Assis, \u00e0s 15h, seguido de uma Missa Campal e de show com a banda cat\u00f3lica \u201cIr ao Povo\u201d, na Quadra Poliesportiva. \u00c0 noite ser\u00e1 feita a abertura oficial, no Parque de Exposi\u00e7\u00f5es, onde tamb\u00e9m se apresentar\u00e3o as bandas \u201cAG4\u201d e \u201cOs Feras\u201d.<\/span><\/p>\n<p style=\"text-align: justify;\"><span style=\"color: #888888;\">No dia 05, s\u00e1bado, os shows ficar\u00e3o por conta da cantora Eliane Camargo e da dupla \u201cWelinton e Mateus\u201d. Encerrando a grande festividade franciscana, no domingo (06), haver\u00e1 desfile dos Carros de Bois pelas ruas, na parte da manh\u00e3 e, \u00e0 tarde, show com a banda \u201cForr\u00f3 Quente\u201d. Para a noite ficou reservada a apresenta\u00e7\u00e3o da banda \u201cNautilu\u2019s\u201d. Com informa\u00e7\u00f5es da Assessoria e R\u00e1dio Muria\u00e9.<\/span><\/p>\n<p style=\"text-align: justify;\"><span style=\"color: #888888;\">Por: Click Carangola | Sugest\u00f5es de pauta: <\/span><a href=\"mailto:clickcarangola@gmail.com\">clickcarangola@gmail.com<\/a><\/p>\n","protected":false},"excerpt":{"rendered":"<p>O munic\u00edpio de S\u00e3o Francisco do Gl\u00f3ria se prepara para realizar, entre os dias 4 e 6 de outubro, sua tradicional \u201cFesta do Carro de Boi\u201d, que chega \u00e0 16\u00aa edi\u00e7\u00e3o com programa\u00e7\u00e3o de shows, missa campal e desfile. O evento \u00e9 promovido pela Prefeitura e pela Secretaria de Cultura e ir\u00e1 acontecer no Parque [&hellip;]<\/p>\n","protected":false},"author":2,"featured_media":0,"comment_status":"open","ping_status":"open","sticky":false,"template":"","format":"standard","meta":{"footnotes":""},"categories":[55],"tags":[],"class_list":["post-13510","post","type-post","status-publish","format-standard","hentry","category-saofranciscodogloria-mg"],"_links":{"self":[{"href":"https:\/\/clickcarangola.com.br\/site\/wp-json\/wp\/v2\/posts\/13510","targetHints":{"allow":["GET"]}}],"collection":[{"href":"https:\/\/clickcarangola.com.br\/site\/wp-json\/wp\/v2\/posts"}],"about":[{"href":"https:\/\/clickcarangola.com.br\/site\/wp-json\/wp\/v2\/types\/post"}],"author":[{"embeddable":true,"href":"https:\/\/clickcarangola.com.br\/site\/wp-json\/wp\/v2\/users\/2"}],"replies":[{"embeddable":true,"href":"https:\/\/clickcarangola.com.br\/site\/wp-json\/wp\/v2\/comments?post=13510"}],"version-history":[{"count":4,"href":"https:\/\/clickcarangola.com.br\/site\/wp-json\/wp\/v2\/posts\/13510\/revisions"}],"predecessor-version":[{"id":13527,"href":"https:\/\/clickcarangola.com.br\/site\/wp-json\/wp\/v2\/posts\/13510\/revisions\/13527"}],"wp:attachment":[{"href":"https:\/\/clickcarangola.com.br\/site\/wp-json\/wp\/v2\/media?parent=13510"}],"wp:term":[{"taxonomy":"category","embeddable":true,"href":"https:\/\/clickcarangola.com.br\/site\/wp-json\/wp\/v2\/categories?post=13510"},{"taxonomy":"post_tag","embeddable":true,"href":"https:\/\/clickcarangola.com.br\/site\/wp-json\/wp\/v2\/tags?post=13510"}],"curies":[{"name":"wp","href":"https:\/\/api.w.org\/{rel}","templated":true}]}}