{"id":1369,"date":"2011-10-05T08:00:17","date_gmt":"2011-10-05T11:00:17","guid":{"rendered":"https:\/\/clickcarangola.com.br\/site\/?p=1369"},"modified":"2013-02-26T18:25:52","modified_gmt":"2013-02-26T21:25:52","slug":"novela-do-sbt-amor-e-revolucao-faz-referencia-a-guerrilha-do-caparao","status":"publish","type":"post","link":"https:\/\/clickcarangola.com.br\/site\/05\/10\/2011\/novela-do-sbt-amor-e-revolucao-faz-referencia-a-guerrilha-do-caparao\/","title":{"rendered":"Novela do SBT &#8220;Amor e Revolu\u00e7\u00e3o&#8221; faz refer\u00eancia a Guerrilha do Capara\u00f3"},"content":{"rendered":"<p style=\"text-align: justify;\"><span style=\"color: #888888;\"><img loading=\"lazy\" decoding=\"async\" class=\"alignleft size-medium wp-image-1370\" title=\"Colabora\u00e7\u00e3o: Hist\u00f3ria Pensante.\" src=\"https:\/\/clickcarangola.com.br\/site\/wp-content\/uploads\/2011\/10\/Amor-e-Revolu\u00e7\u00e3o-300x200.jpg\" alt=\"\" width=\"300\" height=\"226\" \/>A novela exibida pelo SBT, <strong>Amor e Revolu\u00e7\u00e3o\u00a0, <\/strong>exibida no hor\u00e1rio das 22:15, fez refer\u00eancia ao epis\u00f3dio hist\u00f3rico conhecido como <strong>Guerrilha do Capara\u00f3<\/strong>, ocorrido durante a Ditadura Civil Militar Brasileira (1964-1985).\u00a0Em 1966 um grupo de 20 militantes instalou na Serra do Capara\u00f3 a primeira guerrilha contra a ditadura militar, relatada no livro\u00a0\u201cCapara\u00f3 \u2013 a primeira guerrilha contra a ditadura\u201d (Editora Boitempo, SP), de Jos\u00e9 Calda da Costa, o qual serviu de refer\u00eancia para o autor da novela, Tiago Santiago.<\/span><\/p>\n<p style=\"text-align: justify;\"><span style=\"color: #888888;\">\u00c9 sempre bom salientar que a novela \u00e9 uma obra de fic\u00e7\u00e3o, que mesmo baseando-se em fatos reais, o autor tem a liberdade para alterar alguns dados e criar uma vis\u00e3o, nem sempre\u00a0ver\u00eddica\u00a0do assunto abordado. A novela chegou a citar o Hospital Casa de Caridade de Carangola como o hospital mais pr\u00f3ximo\u00a0e de refer\u00eancia para levar um guerrilheiro doente.<\/span><\/p>\n<p style=\"text-align: justify;\"><span style=\"color: #888888;\"><img loading=\"lazy\" decoding=\"async\" class=\"alignleft size-medium wp-image-1371\" title=\"Casa de Caridade de Carangola.\" src=\"https:\/\/clickcarangola.com.br\/site\/wp-content\/uploads\/2011\/10\/Casa-de-Caridade-300x210.jpg\" alt=\"\" width=\"300\" height=\"226\" \/>Depois de muitos anos, a\u00a0 Casa de Caridade continua sendo o maior hospital da regi\u00e3o do Capara\u00f3, atendendo pacientes de 36 munic\u00edpios da Zona da Mata Mineira, 6 do Esp\u00edrito Santo e 3 do Rio de Janeiro. Trata-se de um hospital totalmente informatizado, que oferece servi\u00e7os de alta complexidade, como por exemplo, a homodi\u00e1lise<\/span><\/p>\n<p style=\"text-align: justify;\"><span style=\"color: #888888;\">Atualmente <\/span><span style=\"color: #888888;\">foi reconhecido pelo Minist\u00e9rio da Sa\u00fade como &#8220;Hospital Estrat\u00e9gico&#8221; por atender uma popula\u00e7\u00e3o estimada em mais de 500 mil habitantes. Com informa\u00e7\u00f5es Hist\u00f3ria Pensante.<\/span><\/p>\n<p style=\"text-align: justify;\"><strong><span style=\"color: #888888;\">Por: Click Carangola<\/span><\/strong><\/p>\n","protected":false},"excerpt":{"rendered":"<p>A novela exibida pelo SBT, Amor e Revolu\u00e7\u00e3o\u00a0, exibida no hor\u00e1rio das 22:15, fez refer\u00eancia ao epis\u00f3dio hist\u00f3rico conhecido como Guerrilha do Capara\u00f3, ocorrido durante a Ditadura Civil Militar Brasileira (1964-1985).\u00a0Em 1966 um grupo de 20 militantes instalou na Serra do Capara\u00f3 a primeira guerrilha contra a ditadura militar, relatada no livro\u00a0\u201cCapara\u00f3 \u2013 a primeira [&hellip;]<\/p>\n","protected":false},"author":2,"featured_media":0,"comment_status":"open","ping_status":"open","sticky":false,"template":"","format":"standard","meta":{"footnotes":""},"categories":[39,42,37],"tags":[],"class_list":["post-1369","post","type-post","status-publish","format-standard","hentry","category-altocaparao-mg","category-caparao-mg","category-carangola-mg"],"_links":{"self":[{"href":"https:\/\/clickcarangola.com.br\/site\/wp-json\/wp\/v2\/posts\/1369","targetHints":{"allow":["GET"]}}],"collection":[{"href":"https:\/\/clickcarangola.com.br\/site\/wp-json\/wp\/v2\/posts"}],"about":[{"href":"https:\/\/clickcarangola.com.br\/site\/wp-json\/wp\/v2\/types\/post"}],"author":[{"embeddable":true,"href":"https:\/\/clickcarangola.com.br\/site\/wp-json\/wp\/v2\/users\/2"}],"replies":[{"embeddable":true,"href":"https:\/\/clickcarangola.com.br\/site\/wp-json\/wp\/v2\/comments?post=1369"}],"version-history":[{"count":6,"href":"https:\/\/clickcarangola.com.br\/site\/wp-json\/wp\/v2\/posts\/1369\/revisions"}],"predecessor-version":[{"id":1375,"href":"https:\/\/clickcarangola.com.br\/site\/wp-json\/wp\/v2\/posts\/1369\/revisions\/1375"}],"wp:attachment":[{"href":"https:\/\/clickcarangola.com.br\/site\/wp-json\/wp\/v2\/media?parent=1369"}],"wp:term":[{"taxonomy":"category","embeddable":true,"href":"https:\/\/clickcarangola.com.br\/site\/wp-json\/wp\/v2\/categories?post=1369"},{"taxonomy":"post_tag","embeddable":true,"href":"https:\/\/clickcarangola.com.br\/site\/wp-json\/wp\/v2\/tags?post=1369"}],"curies":[{"name":"wp","href":"https:\/\/api.w.org\/{rel}","templated":true}]}}