{"id":13733,"date":"2013-10-05T06:30:37","date_gmt":"2013-10-05T09:30:37","guid":{"rendered":"https:\/\/clickcarangola.com.br\/site\/?p=13733"},"modified":"2013-10-05T11:22:26","modified_gmt":"2013-10-05T14:22:26","slug":"mae-e-filho-sao-presos-suspeitos-de-abusar-de-crianca-na-regiao","status":"publish","type":"post","link":"https:\/\/clickcarangola.com.br\/site\/05\/10\/2013\/mae-e-filho-sao-presos-suspeitos-de-abusar-de-crianca-na-regiao\/","title":{"rendered":"M\u00e3e e filho s\u00e3o presos suspeitos de abusar de crian\u00e7a na regi\u00e3o"},"content":{"rendered":"<p style=\"text-align: justify;\"><span style=\"color: #888888;\"><img loading=\"lazy\" decoding=\"async\" class=\"size-full wp-image-13737 alignleft\" title=\"\" src=\"https:\/\/clickcarangola.com.br\/site\/wp-content\/uploads\/2013\/10\/M\u00e3e-e-filho-presos-01.jpeg\" alt=\"\" width=\"300\" height=\"226\" \/>Destaque: Ap\u00f3s a pris\u00e3o nesta semana de uma mulher de 51 anos, suspeita de abusar sexualmente de uma menina de sete anos, em\u00a0S\u00e3o Francisco do Gl\u00f3ria, o filho dela, de 28, foi preso nesta quinta-feira (03), em\u00a0Maca\u00e9\u00a0(RJ). <\/span><\/p>\n<p style=\"text-align: justify;\"><span style=\"color: #888888;\">De acordo com a Pol\u00edcia Civil, ele tamb\u00e9m mantinha rela\u00e7\u00f5es sexuais com a crian\u00e7a. A pol\u00edcia come\u00e7ou a investigar o caso depois da den\u00fancia de um conhecido da fam\u00edlia. A mulher presa era bab\u00e1 da v\u00edtima.<!--more--><\/span><\/p>\n<p style=\"text-align: justify;\"><span style=\"color: #888888;\">A opera\u00e7\u00e3o foi realizada pela Pol\u00edcia Civil de Carangola que informou que a m\u00e3e da crian\u00e7a mora atualmente em Muria\u00e9 e, por n\u00e3o ter condi\u00e7\u00f5es de cuidar da menina, permitiu que a mulher ficasse com ela na cidade vizinha de S\u00e3o Francisco do Gl\u00f3ria.<\/span><\/p>\n<p style=\"text-align: justify;\"><span style=\"color: #888888;\">Em uma a\u00e7\u00e3o conjunta das Pol\u00edcias Civil de Minas Gerais e do Rio de Janeiro, o filho da bab\u00e1 foi preso quando embarcava em Maca\u00e9 (RJ) para a cidade de\u00a0Carangola. Em depoimento ele confirmou as acusa\u00e7\u00f5es.<\/span><\/p>\n<p style=\"text-align: justify;\"><span style=\"color: #888888;\">J\u00e1 a bab\u00e1 est\u00e1 presa na Cadeia P\u00fablica de Carangola e o filho ser\u00e1 transferido para o mesmo local. A crian\u00e7a est\u00e1 sob os cuidados da m\u00e3e, em Muria\u00e9. Com informa\u00e7\u00f5es da Pol\u00edcia Civil e G1.<\/span><\/p>\n<p style=\"text-align: justify;\"><span style=\"color: #ff0000;\">Confira as imagens:<\/span><\/p>\n<div class=\"mceTemp\">\n<dl id=\"attachment_13736\" class=\"wp-caption alignnone\" style=\"width: 410px;\">\n<dt class=\"wp-caption-dt\"><img loading=\"lazy\" decoding=\"async\" class=\"size-full wp-image-13736\" src=\"https:\/\/clickcarangola.com.br\/site\/wp-content\/uploads\/2013\/10\/M\u00e3e-e-filho-presos-02.jpeg\" alt=\"\" width=\"400\" height=\"300\" \/><\/dt>\n<\/dl>\n<\/div>\n<p style=\"text-align: justify;\"><span style=\"color: #888888;\">Por: Click Carangola | Sugest\u00f5es de pauta: <\/span><a href=\"mailto:clickcarangola@gmail.com\">clickcarangola@gmail.com<\/a><\/p>\n","protected":false},"excerpt":{"rendered":"<p>Destaque: Ap\u00f3s a pris\u00e3o nesta semana de uma mulher de 51 anos, suspeita de abusar sexualmente de uma menina de sete anos, em\u00a0S\u00e3o Francisco do Gl\u00f3ria, o filho dela, de 28, foi preso nesta quinta-feira (03), em\u00a0Maca\u00e9\u00a0(RJ). De acordo com a Pol\u00edcia Civil, ele tamb\u00e9m mantinha rela\u00e7\u00f5es sexuais com a crian\u00e7a. A pol\u00edcia come\u00e7ou a [&hellip;]<\/p>\n","protected":false},"author":2,"featured_media":0,"comment_status":"open","ping_status":"open","sticky":false,"template":"","format":"standard","meta":{"footnotes":""},"categories":[55],"tags":[],"class_list":["post-13733","post","type-post","status-publish","format-standard","hentry","category-saofranciscodogloria-mg"],"_links":{"self":[{"href":"https:\/\/clickcarangola.com.br\/site\/wp-json\/wp\/v2\/posts\/13733","targetHints":{"allow":["GET"]}}],"collection":[{"href":"https:\/\/clickcarangola.com.br\/site\/wp-json\/wp\/v2\/posts"}],"about":[{"href":"https:\/\/clickcarangola.com.br\/site\/wp-json\/wp\/v2\/types\/post"}],"author":[{"embeddable":true,"href":"https:\/\/clickcarangola.com.br\/site\/wp-json\/wp\/v2\/users\/2"}],"replies":[{"embeddable":true,"href":"https:\/\/clickcarangola.com.br\/site\/wp-json\/wp\/v2\/comments?post=13733"}],"version-history":[{"count":10,"href":"https:\/\/clickcarangola.com.br\/site\/wp-json\/wp\/v2\/posts\/13733\/revisions"}],"predecessor-version":[{"id":13735,"href":"https:\/\/clickcarangola.com.br\/site\/wp-json\/wp\/v2\/posts\/13733\/revisions\/13735"}],"wp:attachment":[{"href":"https:\/\/clickcarangola.com.br\/site\/wp-json\/wp\/v2\/media?parent=13733"}],"wp:term":[{"taxonomy":"category","embeddable":true,"href":"https:\/\/clickcarangola.com.br\/site\/wp-json\/wp\/v2\/categories?post=13733"},{"taxonomy":"post_tag","embeddable":true,"href":"https:\/\/clickcarangola.com.br\/site\/wp-json\/wp\/v2\/tags?post=13733"}],"curies":[{"name":"wp","href":"https:\/\/api.w.org\/{rel}","templated":true}]}}