{"id":13972,"date":"2013-10-16T06:30:11","date_gmt":"2013-10-16T09:30:11","guid":{"rendered":"https:\/\/clickcarangola.com.br\/site\/?p=13972"},"modified":"2013-10-16T10:05:05","modified_gmt":"2013-10-16T13:05:05","slug":"parque-nacional-do-caparao-abre-centro-de-visitantes","status":"publish","type":"post","link":"https:\/\/clickcarangola.com.br\/site\/16\/10\/2013\/parque-nacional-do-caparao-abre-centro-de-visitantes\/","title":{"rendered":"Parque Nacional do Capara\u00f3 abre Centro de Visitantes"},"content":{"rendered":"<p style=\"text-align: justify;\"><span style=\"color: #888888;\"><img loading=\"lazy\" decoding=\"async\" class=\"size-full wp-image-13973 alignleft\" title=\"\" src=\"https:\/\/clickcarangola.com.br\/site\/wp-content\/uploads\/2013\/10\/Centro-de-Visitantes.jpg\" alt=\"\" width=\"300\" height=\"226\" srcset=\"https:\/\/clickcarangola.com.br\/site\/wp-content\/uploads\/2013\/10\/Centro-de-Visitantes.jpg 400w, https:\/\/clickcarangola.com.br\/site\/wp-content\/uploads\/2013\/10\/Centro-de-Visitantes-300x225.jpg 300w, https:\/\/clickcarangola.com.br\/site\/wp-content\/uploads\/2013\/10\/Centro-de-Visitantes-100x75.jpg 100w\" sizes=\"auto, (max-width: 300px) 100vw, 300px\" \/>No pr\u00f3ximo s\u00e1bado, 19\/10, ser\u00e1 aberto o Centro de Visitantes (CV) localizado na entrada mineira do Parque Nacional do Capara\u00f3, em Alto Capara\u00f3 (MG).<\/span><\/p>\n<p style=\"text-align: justify;\"><span style=\"color: #888888;\">O local dever\u00e1 funcionar aos finais de semana, das 07 \u00e0s 16 hs. O Centro de Visitantes (CV)\u00a0conta atualmente com a exposi\u00e7\u00e3o &#8221;O Muriqui&#8221;, bem como uma apresenta\u00e7\u00e3o de v\u00eddeo sobre o parque.\u00a0<\/span><span style=\"color: #888888;\">Os resultados das principais pesquisas realizadas at\u00e9 o momento (a exemplo dos projetos Quati e Morcegos) tamb\u00e9m est\u00e3o expostos, al\u00e9m de outras informa\u00e7\u00f5es.<!--more--><\/span><\/p>\n<p style=\"text-align: justify;\"><span style=\"color: #888888;\">A biblioteca do Centro de Visitantes tamb\u00e9m estar\u00e1 funcionando aos finais de semana para consulta de diversas bibliografias do acervo do Parque Nacional pelo p\u00fablico em geral e, em breve, voltar\u00e1 a funcionar o Cine-Parque, tamb\u00e9m aos s\u00e1bados, com programa\u00e7\u00e3o ainda a ser definida e divulgada.<\/span><\/p>\n<p style=\"text-align: justify;\"><span style=\"color: #888888;\">Em breve, o Centro de Visitantes de Pedra Menina (ES) tamb\u00e9m ser\u00e1 aberto ao p\u00fablico.<\/span><\/p>\n<p style=\"text-align: justify;\"><span style=\"color: #888888;\">Por: Click Carangola | Sugest\u00f5es de pauta: <\/span><a href=\"mailto:clickcarangola@gmail.com\">clickcarangola@gmail.com<\/a><\/p>\n","protected":false},"excerpt":{"rendered":"<p>No pr\u00f3ximo s\u00e1bado, 19\/10, ser\u00e1 aberto o Centro de Visitantes (CV) localizado na entrada mineira do Parque Nacional do Capara\u00f3, em Alto Capara\u00f3 (MG). O local dever\u00e1 funcionar aos finais de semana, das 07 \u00e0s 16 hs. O Centro de Visitantes (CV)\u00a0conta atualmente com a exposi\u00e7\u00e3o &#8221;O Muriqui&#8221;, bem como uma apresenta\u00e7\u00e3o de v\u00eddeo sobre [&hellip;]<\/p>\n","protected":false},"author":2,"featured_media":0,"comment_status":"open","ping_status":"open","sticky":false,"template":"","format":"standard","meta":{"footnotes":""},"categories":[39],"tags":[],"class_list":["post-13972","post","type-post","status-publish","format-standard","hentry","category-altocaparao-mg"],"_links":{"self":[{"href":"https:\/\/clickcarangola.com.br\/site\/wp-json\/wp\/v2\/posts\/13972","targetHints":{"allow":["GET"]}}],"collection":[{"href":"https:\/\/clickcarangola.com.br\/site\/wp-json\/wp\/v2\/posts"}],"about":[{"href":"https:\/\/clickcarangola.com.br\/site\/wp-json\/wp\/v2\/types\/post"}],"author":[{"embeddable":true,"href":"https:\/\/clickcarangola.com.br\/site\/wp-json\/wp\/v2\/users\/2"}],"replies":[{"embeddable":true,"href":"https:\/\/clickcarangola.com.br\/site\/wp-json\/wp\/v2\/comments?post=13972"}],"version-history":[{"count":9,"href":"https:\/\/clickcarangola.com.br\/site\/wp-json\/wp\/v2\/posts\/13972\/revisions"}],"predecessor-version":[{"id":13975,"href":"https:\/\/clickcarangola.com.br\/site\/wp-json\/wp\/v2\/posts\/13972\/revisions\/13975"}],"wp:attachment":[{"href":"https:\/\/clickcarangola.com.br\/site\/wp-json\/wp\/v2\/media?parent=13972"}],"wp:term":[{"taxonomy":"category","embeddable":true,"href":"https:\/\/clickcarangola.com.br\/site\/wp-json\/wp\/v2\/categories?post=13972"},{"taxonomy":"post_tag","embeddable":true,"href":"https:\/\/clickcarangola.com.br\/site\/wp-json\/wp\/v2\/tags?post=13972"}],"curies":[{"name":"wp","href":"https:\/\/api.w.org\/{rel}","templated":true}]}}