{"id":14416,"date":"2013-11-03T06:30:26","date_gmt":"2013-11-03T09:30:26","guid":{"rendered":"https:\/\/clickcarangola.com.br\/site\/?p=14416"},"modified":"2013-11-04T08:51:01","modified_gmt":"2013-11-04T11:51:01","slug":"tres-pessoas-morrem-em-acidente-na-mg-111","status":"publish","type":"post","link":"https:\/\/clickcarangola.com.br\/site\/03\/11\/2013\/tres-pessoas-morrem-em-acidente-na-mg-111\/","title":{"rendered":"Tr\u00eas pessoas morrem em acidente na MG-111"},"content":{"rendered":"<p style=\"text-align: justify;\"><span style=\"color: #888888;\"><img loading=\"lazy\" decoding=\"async\" class=\"size-full wp-image-14419 alignleft\" title=\"\" src=\"https:\/\/clickcarangola.com.br\/site\/wp-content\/uploads\/2013\/11\/Acidente-Abacaxi-01.jpg\" alt=\"\" width=\"300\" height=\"226\" \/><\/span><\/p>\n<p style=\"text-align: justify;\">\n<p style=\"text-align: justify;\"><span style=\"color: #888888;\">Tr\u00eas pessoas morreram num grave acidente na MG-111, pr\u00f3ximo ao distrito de Padre J\u00falio Maria (entre Alto Jequitib\u00e1 e o trevo de Espera Feliz), na manh\u00e3 deste domingo, 03\/11. Um caminh\u00e3o carregado com abacaxis tombou.<\/span><\/p>\n<p style=\"text-align: justify;\">\n<p style=\"text-align: justify;\"><span style=\"color: #888888;\">Segundo a Pol\u00edcia Militar Rodovi\u00e1ria, o caminh\u00e3o Mercedes-Benz 1113, da cidade de Marata\u00edzes-ES, carregado com abacaxis, tombou na descida da serra da MG-111, sentido a Alto Jequitib\u00e1.<!--more--><\/span><\/p>\n<p style=\"text-align: justify;\"><span style=\"color: #888888;\">O motorista perdeu o controle do ve\u00edculo quando estava terminando de fazer uma curva bem acentuada. Havia seis pessoas no caminh\u00e3o. Tr\u00eas, entre elas uma mulher, foram levados para os hospitais de Carangola e Manhua\u00e7u. Outros tr\u00eas ocupantes morreram no local.<\/span><\/p>\n<p style=\"text-align: justify;\">\n<p style=\"text-align: justify;\"><span style=\"color: #888888;\">As seis pessoas que estavam no caminh\u00e3o s\u00e3o da cidade de Marata\u00edzes, litoral sul do Esp\u00edrito Santo.<\/span><\/p>\n<p style=\"text-align: justify;\">\n<p style=\"text-align: justify;\"><span style=\"color: #888888;\">Equipes do Corpo de Bombeiros estiveram no local e fizeram o resgate das v\u00edtimas. Foi necess\u00e1ria a utiliza\u00e7\u00e3o de uma m\u00e1quina retroescavadeira para levantar o caminh\u00e3o e retirar os tr\u00eas corpos que ficaram presos entre a boleia e a carroceria.<\/span><\/p>\n<p style=\"text-align: justify;\">\n<p style=\"text-align: justify;\"><span style=\"color: #888888;\">O tr\u00e2nsito foi interrompido por algumas horas. O Corpo de Bombeiros e a Pol\u00edcia Rodovi\u00e1ria Estadual registraram a ocorr\u00eancia.<\/span><\/p>\n<p style=\"text-align: justify;\">\n<p style=\"text-align: justify;\"><span style=\"color: #888888;\">V\u00edtimas:\u00a0<\/span><span style=\"color: #888888;\">Foram socorridas com ferimentos as v\u00edtimas M\u00e1rcio Pires Rangel, 28; Fab\u00edola Ribeiro Machado Marvila, 26; e Jos\u00e9 Eust\u00e1quio de Andrade, 49.<\/span><\/p>\n<p style=\"text-align: justify;\">\n<p style=\"text-align: justify;\"><span style=\"color: #888888;\">Morreram no acidente: Everton Sim\u00f5es Marvila, 27 anos; Erivelto Silva Marvila, 58 anos, que era o motorista; e Alan Machado Wernek, 27 anos.\u00a0<\/span><span style=\"color: #888888;\">Com informa\u00e7\u00f5es da PRE e Lovantino.<\/span><\/p>\n<p style=\"text-align: justify;\"><span style=\"color: #ff0000;\">Confira as imagens:<\/span><\/p>\n<div class=\"mceTemp\">\n<dl id=\"attachment_14420\" class=\"wp-caption alignnone\" style=\"width: 410px;\">\n<dt class=\"wp-caption-dt\"><img loading=\"lazy\" decoding=\"async\" class=\"size-full wp-image-14420\" src=\"https:\/\/clickcarangola.com.br\/site\/wp-content\/uploads\/2013\/11\/Acidente-Abacaxi-02.jpg\" alt=\"\" width=\"400\" height=\"300\" \/><\/dt>\n<\/dl>\n<\/div>\n<div class=\"mceTemp\">\n<dl id=\"attachment_14421\" class=\"wp-caption alignnone\" style=\"width: 410px;\">\n<dt class=\"wp-caption-dt\"><img loading=\"lazy\" decoding=\"async\" class=\"size-full wp-image-14421\" src=\"https:\/\/clickcarangola.com.br\/site\/wp-content\/uploads\/2013\/11\/Acidente-Abacaxi-03.jpg\" alt=\"\" width=\"400\" height=\"300\" \/><\/dt>\n<\/dl>\n<\/div>\n<div class=\"mceTemp\">\n<dl id=\"attachment_14422\" class=\"wp-caption alignnone\" style=\"width: 410px;\">\n<dt class=\"wp-caption-dt\"><img loading=\"lazy\" decoding=\"async\" class=\"size-full wp-image-14422\" src=\"https:\/\/clickcarangola.com.br\/site\/wp-content\/uploads\/2013\/11\/Acidente-Abacaxi-04.jpg\" alt=\"\" width=\"400\" height=\"300\" \/><\/dt>\n<\/dl>\n<\/div>\n<div class=\"mceTemp\">\n<dl id=\"attachment_14423\" class=\"wp-caption alignnone\" style=\"width: 410px;\">\n<dt class=\"wp-caption-dt\"><img loading=\"lazy\" decoding=\"async\" class=\"size-full wp-image-14423\" src=\"https:\/\/clickcarangola.com.br\/site\/wp-content\/uploads\/2013\/11\/Acidente-Abacaxi-05.jpg\" alt=\"\" width=\"400\" height=\"300\" \/><\/dt>\n<\/dl>\n<\/div>\n<div class=\"mceTemp\">\n<dl id=\"attachment_14418\" class=\"wp-caption alignnone\" style=\"width: 410px;\">\n<dt class=\"wp-caption-dt\"><img loading=\"lazy\" decoding=\"async\" class=\"size-full wp-image-14418\" src=\"https:\/\/clickcarangola.com.br\/site\/wp-content\/uploads\/2013\/11\/Acidente-Abacaxi-06.jpg\" alt=\"\" width=\"400\" height=\"300\" \/><\/dt>\n<\/dl>\n<\/div>\n<p style=\"text-align: justify;\"><span style=\"color: #888888;\">Por: Click Carangola | Sugest\u00f5es de pauta: <\/span><a href=\"mailto:clickcarangola@gmail.com\">clickcarangola@gmail.com<\/a><\/p>\n","protected":false},"excerpt":{"rendered":"<p>Tr\u00eas pessoas morreram num grave acidente na MG-111, pr\u00f3ximo ao distrito de Padre J\u00falio Maria (entre Alto Jequitib\u00e1 e o trevo de Espera Feliz), na manh\u00e3 deste domingo, 03\/11. Um caminh\u00e3o carregado com abacaxis tombou. Segundo a Pol\u00edcia Militar Rodovi\u00e1ria, o caminh\u00e3o Mercedes-Benz 1113, da cidade de Marata\u00edzes-ES, carregado com abacaxis, tombou na descida da [&hellip;]<\/p>\n","protected":false},"author":2,"featured_media":0,"comment_status":"open","ping_status":"open","sticky":false,"template":"","format":"standard","meta":{"footnotes":""},"categories":[40],"tags":[],"class_list":["post-14416","post","type-post","status-publish","format-standard","hentry","category-altojequitiba-mg"],"_links":{"self":[{"href":"https:\/\/clickcarangola.com.br\/site\/wp-json\/wp\/v2\/posts\/14416","targetHints":{"allow":["GET"]}}],"collection":[{"href":"https:\/\/clickcarangola.com.br\/site\/wp-json\/wp\/v2\/posts"}],"about":[{"href":"https:\/\/clickcarangola.com.br\/site\/wp-json\/wp\/v2\/types\/post"}],"author":[{"embeddable":true,"href":"https:\/\/clickcarangola.com.br\/site\/wp-json\/wp\/v2\/users\/2"}],"replies":[{"embeddable":true,"href":"https:\/\/clickcarangola.com.br\/site\/wp-json\/wp\/v2\/comments?post=14416"}],"version-history":[{"count":11,"href":"https:\/\/clickcarangola.com.br\/site\/wp-json\/wp\/v2\/posts\/14416\/revisions"}],"predecessor-version":[{"id":14424,"href":"https:\/\/clickcarangola.com.br\/site\/wp-json\/wp\/v2\/posts\/14416\/revisions\/14424"}],"wp:attachment":[{"href":"https:\/\/clickcarangola.com.br\/site\/wp-json\/wp\/v2\/media?parent=14416"}],"wp:term":[{"taxonomy":"category","embeddable":true,"href":"https:\/\/clickcarangola.com.br\/site\/wp-json\/wp\/v2\/categories?post=14416"},{"taxonomy":"post_tag","embeddable":true,"href":"https:\/\/clickcarangola.com.br\/site\/wp-json\/wp\/v2\/tags?post=14416"}],"curies":[{"name":"wp","href":"https:\/\/api.w.org\/{rel}","templated":true}]}}