{"id":1585,"date":"2011-10-13T08:30:04","date_gmt":"2011-10-13T11:30:04","guid":{"rendered":"https:\/\/clickcarangola.com.br\/site\/?p=1585"},"modified":"2011-10-13T16:58:01","modified_gmt":"2011-10-13T19:58:01","slug":"presidente-da-oab-mg-visita-carangola-nesta-sexta-feira","status":"publish","type":"post","link":"https:\/\/clickcarangola.com.br\/site\/13\/10\/2011\/presidente-da-oab-mg-visita-carangola-nesta-sexta-feira\/","title":{"rendered":"Presidente da OAB-MG visita Carangola nesta sexta-feira"},"content":{"rendered":"<p style=\"text-align: justify;\"><span style=\"color: #888888;\"><img loading=\"lazy\" decoding=\"async\" class=\"size-medium wp-image-1586 alignleft\" title=\"Lu\u00eds Cl\u00e1udio visita subse\u00e7\u00e3o de Carangola.\" src=\"https:\/\/clickcarangola.com.br\/site\/wp-content\/uploads\/2011\/10\/Lu\u00eds-Cl\u00e1udio-233x300.jpg\" alt=\"\" width=\"233\" height=\"300\" srcset=\"https:\/\/clickcarangola.com.br\/site\/wp-content\/uploads\/2011\/10\/Lu\u00eds-Cl\u00e1udio-233x300.jpg 233w, https:\/\/clickcarangola.com.br\/site\/wp-content\/uploads\/2011\/10\/Lu\u00eds-Cl\u00e1udio.jpg 255w\" sizes=\"auto, (max-width: 233px) 100vw, 233px\" \/>Na pr\u00f3xima sexta-feira. 14\/10, a 63\u00aa subse\u00e7\u00e3o da OAB\/MG, da cidade de Carangola, receber\u00e1 a visita do presidente da seccional mineira, Lu\u00eds Cl\u00e1udio Chaves. Na ocasi\u00e3o ele se encontrar\u00e1, pela primeira vez desde que assumiu seu mandato como presidente da OAB\/MG, com a diretoria subseccional da cidade. Sobre a visita in\u00e9dita, o presidente da subse\u00e7\u00e3o, Dejalma Ant\u00f4nio da Silva, afirma que essa \u00e9 uma maneira de estabelecer elos de liga\u00e7\u00e3o entre os advogados inscritos na comarca e o presidente da seccional mineira da OAB.<\/span><\/p>\n<p style=\"text-align: justify;\"><span style=\"color: #888888;\">Ainda na sexta-feira, acontecer\u00e1 uma homenagem especial a 14 advogados de quatro subse\u00e7\u00f5es: Carangola, Divino, Espera Feliz e Tombos. Receber\u00e3o as honrarias os advogados que t\u00eam, no m\u00ednimo, 30 anos no exerc\u00edcio da profiss\u00e3o.<\/span><\/p>\n<p style=\"text-align: justify;\"><span style=\"color: #888888;\">Lu\u00eds Cl\u00e1udio Chaves ser\u00e1 recebido pela diretoria da subse\u00e7\u00e3o de Carangola, composta por Dejalma Ant\u00f4nio da Silva (presidente); Latuffe Nagib Sacre (vice-presidente); Maria Em\u00edlia Queiroz Moreira (secret\u00e1ria geral); Maur\u00edcio Jos\u00e9 Gomide (secret\u00e1rio geral-adjunto); e Jos\u00e9 Pedrosa (tesoureiro).<\/span><\/p>\n<p style=\"text-align: justify;\"><span style=\"color: #888888;\">O evento de homenagem aos advogados acontece no Carangola T\u00eanis Clube, \u00e0s 19h30.<\/span><\/p>\n<p style=\"text-align: justify;\"><strong><span style=\"color: #888888;\">Por: Click Carangola<\/span><\/strong><\/p>\n","protected":false},"excerpt":{"rendered":"<p>Na pr\u00f3xima sexta-feira. 14\/10, a 63\u00aa subse\u00e7\u00e3o da OAB\/MG, da cidade de Carangola, receber\u00e1 a visita do presidente da seccional mineira, Lu\u00eds Cl\u00e1udio Chaves. Na ocasi\u00e3o ele se encontrar\u00e1, pela primeira vez desde que assumiu seu mandato como presidente da OAB\/MG, com a diretoria subseccional da cidade. Sobre a visita in\u00e9dita, o presidente da subse\u00e7\u00e3o, [&hellip;]<\/p>\n","protected":false},"author":2,"featured_media":0,"comment_status":"open","ping_status":"open","sticky":false,"template":"","format":"standard","meta":{"footnotes":""},"categories":[37,43,45,56,1],"tags":[],"class_list":["post-1585","post","type-post","status-publish","format-standard","hentry","category-carangola-mg","category-divino-mg","category-esperafeliz-mg","category-tombos-mg","category-regional"],"_links":{"self":[{"href":"https:\/\/clickcarangola.com.br\/site\/wp-json\/wp\/v2\/posts\/1585","targetHints":{"allow":["GET"]}}],"collection":[{"href":"https:\/\/clickcarangola.com.br\/site\/wp-json\/wp\/v2\/posts"}],"about":[{"href":"https:\/\/clickcarangola.com.br\/site\/wp-json\/wp\/v2\/types\/post"}],"author":[{"embeddable":true,"href":"https:\/\/clickcarangola.com.br\/site\/wp-json\/wp\/v2\/users\/2"}],"replies":[{"embeddable":true,"href":"https:\/\/clickcarangola.com.br\/site\/wp-json\/wp\/v2\/comments?post=1585"}],"version-history":[{"count":3,"href":"https:\/\/clickcarangola.com.br\/site\/wp-json\/wp\/v2\/posts\/1585\/revisions"}],"predecessor-version":[{"id":1588,"href":"https:\/\/clickcarangola.com.br\/site\/wp-json\/wp\/v2\/posts\/1585\/revisions\/1588"}],"wp:attachment":[{"href":"https:\/\/clickcarangola.com.br\/site\/wp-json\/wp\/v2\/media?parent=1585"}],"wp:term":[{"taxonomy":"category","embeddable":true,"href":"https:\/\/clickcarangola.com.br\/site\/wp-json\/wp\/v2\/categories?post=1585"},{"taxonomy":"post_tag","embeddable":true,"href":"https:\/\/clickcarangola.com.br\/site\/wp-json\/wp\/v2\/tags?post=1585"}],"curies":[{"name":"wp","href":"https:\/\/api.w.org\/{rel}","templated":true}]}}