{"id":16289,"date":"2014-02-06T07:00:10","date_gmt":"2014-02-06T10:00:10","guid":{"rendered":"https:\/\/clickcarangola.com.br\/site\/?p=16289"},"modified":"2014-02-06T15:25:36","modified_gmt":"2014-02-06T18:25:36","slug":"rapaz-e-preso-apos-balear-adolescente-em-orizania","status":"publish","type":"post","link":"https:\/\/clickcarangola.com.br\/site\/06\/02\/2014\/rapaz-e-preso-apos-balear-adolescente-em-orizania\/","title":{"rendered":"Rapaz \u00e9 preso ap\u00f3s balear adolescente em Oriz\u00e2nia"},"content":{"rendered":"<p style=\"text-align: justify;\"><span style=\"color: #888888;\"><img loading=\"lazy\" decoding=\"async\" class=\"size-full wp-image-16293 alignleft\" title=\"\" src=\"https:\/\/clickcarangola.com.br\/site\/wp-content\/uploads\/2014\/02\/Rapaz-\u00e9-preso-Oriz\u00e2nia-01.jpg\" alt=\"\" width=\"300\" height=\"226\" \/>Um jovem de 18 anos foi preso em flagrante, na tarde desta quarta-feira (05), na cidade de Oriz\u00e2nia (cerca de 35 km de Carangola), acusado de balear um adolescente de 14 anos, irm\u00e3o de sua ex-am\u00e1sia, que tamb\u00e9m \u00e9 menor.<\/span><\/p>\n<p style=\"text-align: justify;\"><span style=\"color: #888888;\">De acordo com a PM, a v\u00edtima foi ferida no rosto e encaminhada \u00e0 Casa de Caridade de Carangola e seria transferida para Juiz de Fora.<!--more--><\/span><\/p>\n<p style=\"text-align: justify;\"><span style=\"color: #888888;\">O crime aconteceu na zona rural da cidade e, segundo o registro policial, a irm\u00e3 da v\u00edtima contou que o ex-namorado atirou contra seu irm\u00e3o e fugiu. Os militares iniciaram os rastreamentos e o rapaz foi detido, na sequ\u00eancia, quando chegava \u00e0 casa de seus pais, por policiais que j\u00e1 estavam no local.<\/span><\/p>\n<p style=\"text-align: justify;\"><span style=\"color: #888888;\">Ainda de acordo com o boletim de ocorr\u00eancia, o acusado teria confessado o crime. Ele alegou que tomou conhecimento que o adolescente e a m\u00e3e dele estariam andando armados com facas com o objetivo de atentar contra sua vida. Quanto ao disparo, o jovem afirmou que queria apenas intimidar a v\u00edtima e a fam\u00edlia e que n\u00e3o tinha a inten\u00e7\u00e3o de atingir o ex-cunhado.<\/span><\/p>\n<p style=\"text-align: justify;\"><span style=\"color: #888888;\">O rapaz ainda indicou o local onde escondeu a espingarda, que foi recolhida pela PM e apresentada \u00e0 Pol\u00edcia Civil em Muria\u00e9, juntamente com ele. Com informa\u00e7\u00f5es da PM e R\u00e1dio Muria\u00e9.<\/span><\/p>\n<p style=\"text-align: justify;\"><span style=\"color: #ff0000;\">Confira as imagens:<\/span><\/p>\n<div class=\"mceTemp\">\n<dl id=\"attachment_16294\" class=\"wp-caption alignnone\" style=\"width: 410px;\">\n<dt class=\"wp-caption-dt\"><img loading=\"lazy\" decoding=\"async\" class=\"size-full wp-image-16294\" src=\"https:\/\/clickcarangola.com.br\/site\/wp-content\/uploads\/2014\/02\/Rapaz-\u00e9-preso-Oriz\u00e2nia-02.jpg\" alt=\"\" width=\"400\" height=\"300\" srcset=\"https:\/\/clickcarangola.com.br\/site\/wp-content\/uploads\/2014\/02\/Rapaz-\u00e9-preso-Oriz\u00e2nia-02.jpg 600w, https:\/\/clickcarangola.com.br\/site\/wp-content\/uploads\/2014\/02\/Rapaz-\u00e9-preso-Oriz\u00e2nia-02-300x225.jpg 300w, https:\/\/clickcarangola.com.br\/site\/wp-content\/uploads\/2014\/02\/Rapaz-\u00e9-preso-Oriz\u00e2nia-02-100x75.jpg 100w\" sizes=\"auto, (max-width: 400px) 100vw, 400px\" \/><\/dt>\n<\/dl>\n<\/div>\n<div class=\"mceTemp\">\n<dl id=\"attachment_16292\" class=\"wp-caption alignnone\" style=\"width: 410px;\">\n<dt class=\"wp-caption-dt\"><img loading=\"lazy\" decoding=\"async\" class=\"size-full wp-image-16292\" src=\"https:\/\/clickcarangola.com.br\/site\/wp-content\/uploads\/2014\/02\/Rapaz-\u00e9-preso-Oriz\u00e2nia-03.jpg\" alt=\"\" width=\"400\" height=\"300\" srcset=\"https:\/\/clickcarangola.com.br\/site\/wp-content\/uploads\/2014\/02\/Rapaz-\u00e9-preso-Oriz\u00e2nia-03.jpg 600w, https:\/\/clickcarangola.com.br\/site\/wp-content\/uploads\/2014\/02\/Rapaz-\u00e9-preso-Oriz\u00e2nia-03-300x225.jpg 300w, https:\/\/clickcarangola.com.br\/site\/wp-content\/uploads\/2014\/02\/Rapaz-\u00e9-preso-Oriz\u00e2nia-03-100x75.jpg 100w\" sizes=\"auto, (max-width: 400px) 100vw, 400px\" \/><\/dt>\n<\/dl>\n<\/div>\n<p style=\"text-align: justify;\"><span style=\"color: #888888;\">Por: Click Carangola | Sugest\u00f5es de pauta: <\/span><a href=\"mailto:clickcarangola@gmail.com\">clickcarangola@gmail.com<\/a><\/p>\n","protected":false},"excerpt":{"rendered":"<p>Um jovem de 18 anos foi preso em flagrante, na tarde desta quarta-feira (05), na cidade de Oriz\u00e2nia (cerca de 35 km de Carangola), acusado de balear um adolescente de 14 anos, irm\u00e3o de sua ex-am\u00e1sia, que tamb\u00e9m \u00e9 menor. De acordo com a PM, a v\u00edtima foi ferida no rosto e encaminhada \u00e0 Casa [&hellip;]<\/p>\n","protected":false},"author":2,"featured_media":0,"comment_status":"open","ping_status":"open","sticky":false,"template":"","format":"standard","meta":{"footnotes":""},"categories":[53],"tags":[],"class_list":["post-16289","post","type-post","status-publish","format-standard","hentry","category-orizania-mg"],"_links":{"self":[{"href":"https:\/\/clickcarangola.com.br\/site\/wp-json\/wp\/v2\/posts\/16289","targetHints":{"allow":["GET"]}}],"collection":[{"href":"https:\/\/clickcarangola.com.br\/site\/wp-json\/wp\/v2\/posts"}],"about":[{"href":"https:\/\/clickcarangola.com.br\/site\/wp-json\/wp\/v2\/types\/post"}],"author":[{"embeddable":true,"href":"https:\/\/clickcarangola.com.br\/site\/wp-json\/wp\/v2\/users\/2"}],"replies":[{"embeddable":true,"href":"https:\/\/clickcarangola.com.br\/site\/wp-json\/wp\/v2\/comments?post=16289"}],"version-history":[{"count":7,"href":"https:\/\/clickcarangola.com.br\/site\/wp-json\/wp\/v2\/posts\/16289\/revisions"}],"predecessor-version":[{"id":16291,"href":"https:\/\/clickcarangola.com.br\/site\/wp-json\/wp\/v2\/posts\/16289\/revisions\/16291"}],"wp:attachment":[{"href":"https:\/\/clickcarangola.com.br\/site\/wp-json\/wp\/v2\/media?parent=16289"}],"wp:term":[{"taxonomy":"category","embeddable":true,"href":"https:\/\/clickcarangola.com.br\/site\/wp-json\/wp\/v2\/categories?post=16289"},{"taxonomy":"post_tag","embeddable":true,"href":"https:\/\/clickcarangola.com.br\/site\/wp-json\/wp\/v2\/tags?post=16289"}],"curies":[{"name":"wp","href":"https:\/\/api.w.org\/{rel}","templated":true}]}}