{"id":1680,"date":"2011-10-17T15:29:28","date_gmt":"2011-10-17T18:29:28","guid":{"rendered":"https:\/\/clickcarangola.com.br\/site\/?p=1680"},"modified":"2011-10-17T15:44:20","modified_gmt":"2011-10-17T18:44:20","slug":"policial-militar-de-carangola-e-diretora-da-escola-polivalente-ministram-palestras-para-recrutas-da-guarda-mirim-carangolense","status":"publish","type":"post","link":"https:\/\/clickcarangola.com.br\/site\/17\/10\/2011\/policial-militar-de-carangola-e-diretora-da-escola-polivalente-ministram-palestras-para-recrutas-da-guarda-mirim-carangolense\/","title":{"rendered":"Policial Militar de Carangola e Diretora da Escola Polivalente ministram Palestras para Recrutas da Guarda Mirim Carangolense"},"content":{"rendered":"<p style=\"text-align: justify;\"><span style=\"color: #888888;\"><img loading=\"lazy\" decoding=\"async\" class=\"alignleft\" title=\"Informa\u00e7\u00f5es: PM.\" src=\"https:\/\/clickcarangola.com.br\/site\/wp-content\/uploads\/2011\/10\/JCC_03-200x300.jpg\" alt=\"\" width=\"200\" height=\"300\" \/>No dia 15 deste m\u00eas, o Policial Militar orientador do JCC (Jovens Construindo a Cidadania) Sd F\u00e1bio J\u00fanior Alonso Fernandes, juntamente com a Diretora da Escola Estadual Em\u00edlia Esteves Marques, Betty Giovannoni Oliveira, a convite do Instrutor Humbertinho, ministraram palestras para os recrutas da Guarda Mirim de Carangola. Na ocasi\u00e3o aproximadamente cento e oitenta pessoas entre recrutas, monitores e convidados, assistiram os palestrantes tratarem de temas e assuntos que lhes ser\u00e3o \u00fateis no dia-a-dia profissional, bem como nas demais \u00e1reas da vida.<\/span><\/p>\n<p style=\"text-align: justify;\"><span style=\"color: #888888;\">A Diretora Betty, ministrou palestra sobre \u201cPerspectiva de Vida\u201d, enfatizando a import\u00e2ncia do comprometimento da pessoa, em especial do jovem, consigo mesmo, com Deus, com a Fam\u00edlia, com a Educa\u00e7\u00e3o, com o Trabalho e com a Sociedade.<\/span><\/p>\n<p style=\"text-align: justify;\"><span style=\"color: #888888;\">O Sd PM F\u00e1bio tratou sobre o tema \u201cLideran\u00e7a\u201d, destacando a import\u00e2ncia do l\u00edder em um grupo, as caracter\u00edsticas de um l\u00edder, a import\u00e2ncia do exemplo, da humildade, da autoconfian\u00e7a, da autoestima, do trabalho em equipe e as diferen\u00e7as entre ser um \u201cchefe\u201d e ser um \u201cl\u00edder\u201d.<\/span><\/p>\n<p style=\"text-align: justify;\"><span style=\"color: #888888;\">Ambos os Palestrantes exibiram interessantes v\u00eddeos e slides sobre os respectivos assuntos, ilustrando e prendendo a aten\u00e7\u00e3o de todos os participantes.<\/span><\/p>\n<p style=\"text-align: justify;\"><span style=\"color: #888888;\">A Guarda Mirim de Carangola tem como interesse ajudar os jovens a ingressarem no mercado de trabalho a partir dos 16 anos. Seu lema \u00e9 &#8220;D\u00ea trabalho a um jovem antes que ele d\u00ea trabalho \u00e0 sociedade\u201d.<\/span><\/p>\n<p style=\"text-align: justify;\"><span style=\"color: #888888;\">Na oportunidade os Palestrantes foram convidados pela Associa\u00e7\u00e3o de Prote\u00e7\u00e3o ao Guarda Mirim Carangolense para a Cerim\u00f4nia de Diploma\u00e7\u00e3o dos Recrutas do Curso de Forma\u00e7\u00e3o de Mirins 2011, que acontecer\u00e1 no dia 05\/11\/2011, \u00e0s 09:00 hs, na FAVALE de Carangola\/MG.<\/span><\/p>\n<p style=\"text-align: justify;\"><span style=\"color: #888888;\">Confira mais imagens!<\/span><\/p>\n<p style=\"text-align: justify;\"><span style=\"color: #888888;\"><img loading=\"lazy\" decoding=\"async\" title=\"Informa\u00e7\u00f5es: PM.\" src=\"https:\/\/clickcarangola.com.br\/site\/wp-content\/uploads\/2011\/10\/JCC_01-300x200.jpg\" alt=\"\" width=\"300\" height=\"226\" \/><img loading=\"lazy\" decoding=\"async\" title=\"Informa\u00e7\u00f5es: PM.\" src=\"https:\/\/clickcarangola.com.br\/site\/wp-content\/uploads\/2011\/10\/JCC_02-300x200.jpg\" alt=\"\" width=\"300\" height=\"226\" \/><img loading=\"lazy\" decoding=\"async\" class=\"alignnone size-medium wp-image-1686\" title=\"Informa\u00e7\u00f5es: PM.\" src=\"https:\/\/clickcarangola.com.br\/site\/wp-content\/uploads\/2011\/10\/JCC_04-300x200.jpg\" alt=\"\" width=\"300\" height=\"226\" \/><img loading=\"lazy\" decoding=\"async\" class=\"alignnone size-medium wp-image-1687\" title=\"Informa\u00e7\u00f5es: PM.\" src=\"https:\/\/clickcarangola.com.br\/site\/wp-content\/uploads\/2011\/10\/JCC_05-300x200.jpg\" alt=\"\" width=\"300\" height=\"226\" \/><\/span><\/p>\n<p style=\"text-align: justify;\"><strong><span style=\"color: #888888;\">Por: Click Carangola<\/span><\/strong><\/p>\n","protected":false},"excerpt":{"rendered":"<p>No dia 15 deste m\u00eas, o Policial Militar orientador do JCC (Jovens Construindo a Cidadania) Sd F\u00e1bio J\u00fanior Alonso Fernandes, juntamente com a Diretora da Escola Estadual Em\u00edlia Esteves Marques, Betty Giovannoni Oliveira, a convite do Instrutor Humbertinho, ministraram palestras para os recrutas da Guarda Mirim de Carangola. Na ocasi\u00e3o aproximadamente cento e oitenta pessoas [&hellip;]<\/p>\n","protected":false},"author":2,"featured_media":0,"comment_status":"open","ping_status":"open","sticky":false,"template":"","format":"standard","meta":{"footnotes":""},"categories":[37,1],"tags":[],"class_list":["post-1680","post","type-post","status-publish","format-standard","hentry","category-carangola-mg","category-regional"],"_links":{"self":[{"href":"https:\/\/clickcarangola.com.br\/site\/wp-json\/wp\/v2\/posts\/1680","targetHints":{"allow":["GET"]}}],"collection":[{"href":"https:\/\/clickcarangola.com.br\/site\/wp-json\/wp\/v2\/posts"}],"about":[{"href":"https:\/\/clickcarangola.com.br\/site\/wp-json\/wp\/v2\/types\/post"}],"author":[{"embeddable":true,"href":"https:\/\/clickcarangola.com.br\/site\/wp-json\/wp\/v2\/users\/2"}],"replies":[{"embeddable":true,"href":"https:\/\/clickcarangola.com.br\/site\/wp-json\/wp\/v2\/comments?post=1680"}],"version-history":[{"count":4,"href":"https:\/\/clickcarangola.com.br\/site\/wp-json\/wp\/v2\/posts\/1680\/revisions"}],"predecessor-version":[{"id":1682,"href":"https:\/\/clickcarangola.com.br\/site\/wp-json\/wp\/v2\/posts\/1680\/revisions\/1682"}],"wp:attachment":[{"href":"https:\/\/clickcarangola.com.br\/site\/wp-json\/wp\/v2\/media?parent=1680"}],"wp:term":[{"taxonomy":"category","embeddable":true,"href":"https:\/\/clickcarangola.com.br\/site\/wp-json\/wp\/v2\/categories?post=1680"},{"taxonomy":"post_tag","embeddable":true,"href":"https:\/\/clickcarangola.com.br\/site\/wp-json\/wp\/v2\/tags?post=1680"}],"curies":[{"name":"wp","href":"https:\/\/api.w.org\/{rel}","templated":true}]}}