{"id":16927,"date":"2014-03-25T06:30:27","date_gmt":"2014-03-25T09:30:27","guid":{"rendered":"https:\/\/clickcarangola.com.br\/site\/?p=16927"},"modified":"2014-03-26T11:59:01","modified_gmt":"2014-03-26T14:59:01","slug":"sao-francisco-do-gloria-deseja-pertencer-a-comarca-de-miradouro","status":"publish","type":"post","link":"https:\/\/clickcarangola.com.br\/site\/25\/03\/2014\/sao-francisco-do-gloria-deseja-pertencer-a-comarca-de-miradouro\/","title":{"rendered":"S\u00e3o Francisco do Gl\u00f3ria deseja pertencer a Comarca de Miradouro"},"content":{"rendered":"<p style=\"text-align: justify;\"><span style=\"color: #888888;\"><img loading=\"lazy\" decoding=\"async\" class=\"size-full wp-image-16931 alignleft\" title=\"\" src=\"https:\/\/clickcarangola.com.br\/site\/wp-content\/uploads\/2014\/03\/Mudan\u00e7a-SFG-01.jpg\" alt=\"\" width=\"300\" height=\"226\" srcset=\"https:\/\/clickcarangola.com.br\/site\/wp-content\/uploads\/2014\/03\/Mudan\u00e7a-SFG-01.jpg 640w, https:\/\/clickcarangola.com.br\/site\/wp-content\/uploads\/2014\/03\/Mudan\u00e7a-SFG-01-300x225.jpg 300w, https:\/\/clickcarangola.com.br\/site\/wp-content\/uploads\/2014\/03\/Mudan\u00e7a-SFG-01-100x75.jpg 100w\" sizes=\"auto, (max-width: 300px) 100vw, 300px\" \/>Aconteceu na noite da \u00faltima sexta-feira, 14, em S\u00e3o Francisco do Gl\u00f3ria (cerca\u00a0de 40 km de\u00a0Carangola), uma audi\u00eancia p\u00fablica na Escola Municipal Antonio Franco Laviola.<\/span><\/p>\n<p style=\"text-align: justify;\"><span style=\"color: #888888;\">O evento teve por objetivo mobilizar a opini\u00e3o p\u00fablica em torno da proposta de transfer\u00eancia de jurisdi\u00e7\u00e3o do munic\u00edpio de S\u00e3o Francisco do Gl\u00f3ria para a Comarca de Miradouro.<!--more--><\/span><\/p>\n<p style=\"text-align: justify;\"><span style=\"color: #888888;\">Diversas autoridades estiveram presentes, dentre elas, <\/span><span style=\"color: #888888;\">Aristov\u00e3o Pires, presidente da C\u00e2mara de S\u00e3o Francisco do Gl\u00f3ria, Dr. Ant\u00f4nio Augusto Pavel Toledo, Juiz da Comarca de Miradouro, Walace Ferreira Pedrosa, Vice-prefeito de S\u00e3o Francisco do Gl\u00f3ria e Valdinei Chicarelli, prefeito de Vieiras.<\/span><\/p>\n<p style=\"text-align: justify;\"><span style=\"color: #888888;\">De acordo com o prefeito Jos\u00e9 Bissiati Filho, n\u00e3o \u00e9 necess\u00e1rio referendo, j\u00e1 que este \u00e9 um desejo da popula\u00e7\u00e3o de S\u00e3o Francisco do Gl\u00f3ria que atualmente pertence \u00e0 Comarca de Carangola.<\/span><\/p>\n<p style=\"text-align: justify;\"><span style=\"color: #888888;\">&#8220;H\u00e1 oito anos isso j\u00e1 foi discutido, e na \u00e9poca representantes da Comarca e pol\u00edticos de Carangola interferiram, fazendo v\u00e1rias promessas para cidade de S\u00e3o Francisco do Gl\u00f3ria n\u00e3o sair da Comarca, promessas que n\u00e3o foram cumpridas, inclusive o asfaltamento at\u00e9 Carangola pela comunidade de Resid\u00eancia.\u00a0Esse \u00e9 um pedido do povo, quero a opini\u00e3o dos vereadores tamb\u00e9m, por isso convidamos a popula\u00e7\u00e3o para estar aqui hoje.\u201d<\/span><\/p>\n<p style=\"text-align: justify;\"><span style=\"color: #888888;\">\u201cAinda faltam algumas medidas para essa mudan\u00e7a, hoje foi um passo important\u00edssimo, agora vamos encaminhar essa aprova\u00e7\u00e3o popular para os Deputados Estaduais que trabalham pela nossa regi\u00e3o, para que eles votem e aprovem na Assembl\u00e9ia Legislativa de Minas Gerais esse desejo do nosso povo.\u201d, afirmou Bissiati.<\/span><\/p>\n<p style=\"text-align: justify;\"><span style=\"color: #888888;\">Segundo Ant\u00f4nio Augusto Pavel Toledo,\u00a0Juiz da Comarca de Miradouro,\u00a0com a mudan\u00e7a, os processos seriam julgados com maior rapidez devido ao volume de processos da Comarca de Miradouro serem bem menores que os de Carangola. E at\u00e9 mesmo haveria uma economia para os cidad\u00e3os de S\u00e3o Francisco do Gl\u00f3ria devido a distancia ser menor.<\/span><\/p>\n<p style=\"text-align: justify;\"><span style=\"color: #888888;\">Os nove vereadores presentes concordaram com a mudan\u00e7a. Vale ressaltar que a Comarca Eleitoral continuaria em Carangola, e que para mudar seria preciso fazer uma solicita\u00e7\u00e3o ao TSE (Tribuna Superior Eleitoral). Com informa\u00e7\u00f5es de Paulo Roberto.<\/span><\/p>\n<p style=\"text-align: justify;\"><span style=\"color: #ff0000;\">Confira as imagens:<\/span><\/p>\n<div class=\"mceTemp\">\n<dl id=\"attachment_16932\" class=\"wp-caption alignnone\" style=\"width: 410px;\">\n<dt class=\"wp-caption-dt\"><img loading=\"lazy\" decoding=\"async\" class=\"size-full wp-image-16932\" src=\"https:\/\/clickcarangola.com.br\/site\/wp-content\/uploads\/2014\/03\/Mudan\u00e7a-SFG-02.jpg\" alt=\"\" width=\"400\" height=\"300\" srcset=\"https:\/\/clickcarangola.com.br\/site\/wp-content\/uploads\/2014\/03\/Mudan\u00e7a-SFG-02.jpg 640w, https:\/\/clickcarangola.com.br\/site\/wp-content\/uploads\/2014\/03\/Mudan\u00e7a-SFG-02-300x225.jpg 300w, https:\/\/clickcarangola.com.br\/site\/wp-content\/uploads\/2014\/03\/Mudan\u00e7a-SFG-02-100x75.jpg 100w\" sizes=\"auto, (max-width: 400px) 100vw, 400px\" \/><\/dt>\n<\/dl>\n<\/div>\n<div class=\"mceTemp\">\n<dl id=\"attachment_16930\" class=\"wp-caption alignnone\" style=\"width: 410px;\">\n<dt class=\"wp-caption-dt\"><img loading=\"lazy\" decoding=\"async\" class=\"size-full wp-image-16930\" src=\"https:\/\/clickcarangola.com.br\/site\/wp-content\/uploads\/2014\/03\/Mudan\u00e7a-SFG-03.jpg\" alt=\"\" width=\"400\" height=\"300\" srcset=\"https:\/\/clickcarangola.com.br\/site\/wp-content\/uploads\/2014\/03\/Mudan\u00e7a-SFG-03.jpg 640w, https:\/\/clickcarangola.com.br\/site\/wp-content\/uploads\/2014\/03\/Mudan\u00e7a-SFG-03-300x225.jpg 300w, https:\/\/clickcarangola.com.br\/site\/wp-content\/uploads\/2014\/03\/Mudan\u00e7a-SFG-03-100x75.jpg 100w\" sizes=\"auto, (max-width: 400px) 100vw, 400px\" \/><\/dt>\n<\/dl>\n<\/div>\n<p style=\"text-align: justify;\"><span style=\"color: #888888;\">Por: Click Carangola | Sugest\u00f5es de pauta: <\/span><a href=\"mailto:clickcarangola@gmail.com\">clickcarangola@gmail.com<\/a><\/p>\n","protected":false},"excerpt":{"rendered":"<p>Aconteceu na noite da \u00faltima sexta-feira, 14, em S\u00e3o Francisco do Gl\u00f3ria (cerca\u00a0de 40 km de\u00a0Carangola), uma audi\u00eancia p\u00fablica na Escola Municipal Antonio Franco Laviola. O evento teve por objetivo mobilizar a opini\u00e3o p\u00fablica em torno da proposta de transfer\u00eancia de jurisdi\u00e7\u00e3o do munic\u00edpio de S\u00e3o Francisco do Gl\u00f3ria para a Comarca de Miradouro.<\/p>\n","protected":false},"author":2,"featured_media":0,"comment_status":"open","ping_status":"open","sticky":false,"template":"","format":"standard","meta":{"footnotes":""},"categories":[55],"tags":[],"class_list":["post-16927","post","type-post","status-publish","format-standard","hentry","category-saofranciscodogloria-mg"],"_links":{"self":[{"href":"https:\/\/clickcarangola.com.br\/site\/wp-json\/wp\/v2\/posts\/16927","targetHints":{"allow":["GET"]}}],"collection":[{"href":"https:\/\/clickcarangola.com.br\/site\/wp-json\/wp\/v2\/posts"}],"about":[{"href":"https:\/\/clickcarangola.com.br\/site\/wp-json\/wp\/v2\/types\/post"}],"author":[{"embeddable":true,"href":"https:\/\/clickcarangola.com.br\/site\/wp-json\/wp\/v2\/users\/2"}],"replies":[{"embeddable":true,"href":"https:\/\/clickcarangola.com.br\/site\/wp-json\/wp\/v2\/comments?post=16927"}],"version-history":[{"count":12,"href":"https:\/\/clickcarangola.com.br\/site\/wp-json\/wp\/v2\/posts\/16927\/revisions"}],"predecessor-version":[{"id":16943,"href":"https:\/\/clickcarangola.com.br\/site\/wp-json\/wp\/v2\/posts\/16927\/revisions\/16943"}],"wp:attachment":[{"href":"https:\/\/clickcarangola.com.br\/site\/wp-json\/wp\/v2\/media?parent=16927"}],"wp:term":[{"taxonomy":"category","embeddable":true,"href":"https:\/\/clickcarangola.com.br\/site\/wp-json\/wp\/v2\/categories?post=16927"},{"taxonomy":"post_tag","embeddable":true,"href":"https:\/\/clickcarangola.com.br\/site\/wp-json\/wp\/v2\/tags?post=16927"}],"curies":[{"name":"wp","href":"https:\/\/api.w.org\/{rel}","templated":true}]}}