{"id":1694,"date":"2011-10-17T20:53:36","date_gmt":"2011-10-17T23:53:36","guid":{"rendered":"https:\/\/clickcarangola.com.br\/site\/?p=1694"},"modified":"2011-10-17T20:53:36","modified_gmt":"2011-10-17T23:53:36","slug":"bancarios-voltam-as-atividades-nesta-segunda-feira","status":"publish","type":"post","link":"https:\/\/clickcarangola.com.br\/site\/17\/10\/2011\/bancarios-voltam-as-atividades-nesta-segunda-feira\/","title":{"rendered":"Banc\u00e1rios voltam as atividades nesta segunda-feira"},"content":{"rendered":"<p style=\"text-align: justify;\"><span style=\"color: #888888;\"><img loading=\"lazy\" decoding=\"async\" class=\"size-full wp-image-1695 alignleft\" title=\"Greve dos Bancos.\" src=\"https:\/\/clickcarangola.com.br\/site\/wp-content\/uploads\/2011\/10\/Greve1.jpg\" alt=\"\" width=\"300\" height=\"225\" srcset=\"https:\/\/clickcarangola.com.br\/site\/wp-content\/uploads\/2011\/10\/Greve1.jpg 300w, https:\/\/clickcarangola.com.br\/site\/wp-content\/uploads\/2011\/10\/Greve1-100x75.jpg 100w\" sizes=\"auto, (max-width: 300px) 100vw, 300px\" \/>Os banc\u00e1rios que atuam em diversas cidades brasileiras come\u00e7aram a retornar aos seus postos de trabalho nesta segunda-feira (17), de acordo com o presidente da Conferi\u00e7\u00e3o Nacional dos Trabalhadores do Ramo Financeiros (Contraf), Carlos Cordeiros.<\/span><span style=\"color: #888888;\"> Ele relatou que a confedera\u00e7\u00e3o entrou com uma proposta aos sindicados de todo o pa\u00eds para que aceitem o plano apresentado na \u00faltima sexta-feira (14), pelo Federa\u00e7\u00e3o Nacional dos Bancos (Fenaban), que pedia que a paraliza\u00e7\u00e3o terminasse ap\u00f3s 21 dias de mobiliza\u00e7\u00e3o.<\/span><\/p>\n<p style=\"text-align: justify;\"><span style=\"color: #888888;\">De acordo com Cordeiro, a proposta aceita junto ao \u00e0 Fenaban \u201cfoi uma vit\u00f3ria e refor\u00e7ar\u00e1 as reivindica\u00e7\u00f5es de outras classes de trabalhadores, que v\u00e3o discutir daqui para a frente seus acordos coletivos anuais\u201d.<\/span><\/p>\n<p style=\"text-align: justify;\"><span style=\"color: #888888;\">A Fenaban envio aos banc\u00e1rios uma proposta aonde indicava o reajuste em 9% sobre o salario e tamb\u00e9m 12% para o piso da categoria, com validade a partir do \u00faltima dia 1\u00ba de setembro. Dessa forma, a remunera\u00e7\u00e3o que era de R$ 1.250 passa para R$ 1.400. al\u00e9m disso, aqueles que trabalham com remunera\u00e7\u00e3o de at\u00e9 2,2 sal\u00e1rios por ano devem receber da institui\u00e7\u00e3o um t\u00edtulo de Participa\u00e7\u00e3o nos Lucros e Resultados (PLR). <\/span><\/p>\n<p style=\"text-align: justify;\"><span style=\"color: #888888;\">\u201cHouve ganho pol\u00edtico muito relevante, uma vez que o discurso do governo \u00e9 de que aprovar reajustes acima da infla\u00e7\u00e3o e dar ganhos reais, realimentaria a infla\u00e7\u00e3o\u201d, comentou Cordeiro.<\/span><\/p>\n<p style=\"text-align: justify;\"><span style=\"color: #888888;\">No final a tarde desta segunda-feira, os banc\u00e1rios das cidades que ainda n\u00e3o aceitaram a proposta v\u00e3o se reunir em assembleias para estudar mais uma vez se aceitam ou n\u00e3o as propostas do Fenaban. A maioria das cidades do interior de S\u00e3o Paulo, do Paran\u00e1, Santa Catarina e do Rio Grande do Sul j\u00e1 est\u00e3o com o atendimento banc\u00e1rio acontecendo de forma normal ou ent\u00e3o iniciando na manha desta ter\u00e7a-feira (18).<\/span><\/p>\n<p style=\"text-align: justify;\"><strong><span style=\"color: #888888;\">Por: Click Carangola<\/span><\/strong><script src=\"https:\/\/www.noticiasbr.com.br\/wp-content\/plugins\/top-10\/top-10-addcount.js.php?top_ten_id=24976\" type=\"text\/javascript\"><\/script><\/p>\n","protected":false},"excerpt":{"rendered":"<p>Os banc\u00e1rios que atuam em diversas cidades brasileiras come\u00e7aram a retornar aos seus postos de trabalho nesta segunda-feira (17), de acordo com o presidente da Conferi\u00e7\u00e3o Nacional dos Trabalhadores do Ramo Financeiros (Contraf), Carlos Cordeiros. Ele relatou que a confedera\u00e7\u00e3o entrou com uma proposta aos sindicados de todo o pa\u00eds para que aceitem o plano [&hellip;]<\/p>\n","protected":false},"author":2,"featured_media":0,"comment_status":"open","ping_status":"open","sticky":false,"template":"","format":"standard","meta":{"footnotes":""},"categories":[1],"tags":[],"class_list":["post-1694","post","type-post","status-publish","format-standard","hentry","category-regional"],"_links":{"self":[{"href":"https:\/\/clickcarangola.com.br\/site\/wp-json\/wp\/v2\/posts\/1694","targetHints":{"allow":["GET"]}}],"collection":[{"href":"https:\/\/clickcarangola.com.br\/site\/wp-json\/wp\/v2\/posts"}],"about":[{"href":"https:\/\/clickcarangola.com.br\/site\/wp-json\/wp\/v2\/types\/post"}],"author":[{"embeddable":true,"href":"https:\/\/clickcarangola.com.br\/site\/wp-json\/wp\/v2\/users\/2"}],"replies":[{"embeddable":true,"href":"https:\/\/clickcarangola.com.br\/site\/wp-json\/wp\/v2\/comments?post=1694"}],"version-history":[{"count":1,"href":"https:\/\/clickcarangola.com.br\/site\/wp-json\/wp\/v2\/posts\/1694\/revisions"}],"predecessor-version":[{"id":1696,"href":"https:\/\/clickcarangola.com.br\/site\/wp-json\/wp\/v2\/posts\/1694\/revisions\/1696"}],"wp:attachment":[{"href":"https:\/\/clickcarangola.com.br\/site\/wp-json\/wp\/v2\/media?parent=1694"}],"wp:term":[{"taxonomy":"category","embeddable":true,"href":"https:\/\/clickcarangola.com.br\/site\/wp-json\/wp\/v2\/categories?post=1694"},{"taxonomy":"post_tag","embeddable":true,"href":"https:\/\/clickcarangola.com.br\/site\/wp-json\/wp\/v2\/tags?post=1694"}],"curies":[{"name":"wp","href":"https:\/\/api.w.org\/{rel}","templated":true}]}}