{"id":1755,"date":"2011-10-19T19:25:02","date_gmt":"2011-10-19T22:25:02","guid":{"rendered":"https:\/\/clickcarangola.com.br\/site\/?p=1755"},"modified":"2011-10-19T19:27:35","modified_gmt":"2011-10-19T22:27:35","slug":"carreta-tomada-de-assalto-e-localizada-proximo-a-divino","status":"publish","type":"post","link":"https:\/\/clickcarangola.com.br\/site\/19\/10\/2011\/carreta-tomada-de-assalto-e-localizada-proximo-a-divino\/","title":{"rendered":"Carreta tomada de assalto \u00e9 localizada pr\u00f3ximo a Divino"},"content":{"rendered":"<p style=\"text-align: justify;\"><span style=\"color: #888888;\"><img loading=\"lazy\" decoding=\"async\" class=\"size-medium wp-image-1756 alignleft\" title=\"Informa\u00e7\u00f5es: O Campe\u00e3o News.\" src=\"https:\/\/clickcarangola.com.br\/site\/wp-content\/uploads\/2011\/10\/Carreta_01-300x154.jpg\" alt=\"\" width=\"300\" height=\"226\" \/>Uma carreta tomada de assalto na BR-262 foi localizada na\u00a0 manh\u00e3 desta quarta-feira (19\/10) na regi\u00e3o de Divino. A carreta placa MPM 2814 \/ Alfredo Chaves-ES, foi encontrada no p\u00e1tio do posto Timbos\u00e3o.<\/span><br \/>\n<span style=\"color: #888888;\">\u00a0<\/span><br \/>\n<span style=\"color: #888888;\">A Pol\u00edcia\u00a0 Militar de Divino soube da localiza\u00e7\u00e3o do ve\u00edculo depois\u00a0 de rastreamento entre guarni\u00e7\u00f5es da regi\u00e3o, Rotam e T\u00e1tico M\u00f3vel.\u00a0<\/span><br \/>\n<span style=\"color: #888888;\">\u00a0<\/span><br \/>\n<span style=\"color: #888888;\">O motorista Alberto Patrocinio J\u00fanior, foi rendido por assaltantes no trecho da serra macu. Os assaltantes colocaram uma arma em sua cabe\u00e7a\u00a0 e o obrigaram a sair da cabine. <\/span><br \/>\n<span style=\"color: #888888;\">\u00a0<\/span><br \/>\n<span style=\"color: #888888;\">A carreta que transportava pneus foi vista pr\u00f3ximo a S\u00e3o Jo\u00e3o do Manhua\u00e7u. Nesta quarta-feira, o ve\u00edculo j\u00e1 estava abandonado no posto Timbos\u00e3o. Participaram desta opera\u00e7\u00e3o os policiais militares de Divino (Soldado Marcelo e Cabo Claytom), Oriz\u00e2nia (Sargento Couto e Soldado Carneiro), PRE (Pol\u00edcia Rodovi\u00e1ria Estadual\u00a0de Carangola) e a PRF (Pol\u00edcia Rodovi\u00e1ria Federal de Realeza).<\/span><\/p>\n<p style=\"text-align: justify;\"><span style=\"color: #888888;\">Confira mais imagens!<\/span><\/p>\n<p style=\"text-align: justify;\"><span style=\"color: #888888;\"><img loading=\"lazy\" decoding=\"async\" class=\"alignnone size-medium wp-image-1757\" title=\"Informa\u00e7\u00f5es: O Campe\u00e3o News.\" src=\"https:\/\/clickcarangola.com.br\/site\/wp-content\/uploads\/2011\/10\/Carreta_02-300x224.jpg\" alt=\"\" width=\"300\" height=\"226\" srcset=\"https:\/\/clickcarangola.com.br\/site\/wp-content\/uploads\/2011\/10\/Carreta_02-100x75.jpg 100w, https:\/\/clickcarangola.com.br\/site\/wp-content\/uploads\/2011\/10\/Carreta_02.jpg 519w\" sizes=\"auto, (max-width: 300px) 100vw, 300px\" \/><img loading=\"lazy\" decoding=\"async\" class=\"alignnone size-medium wp-image-1758\" title=\"Informa\u00e7\u00f5es: O Campe\u00e3o News.\" src=\"https:\/\/clickcarangola.com.br\/site\/wp-content\/uploads\/2011\/10\/Carreta_03-300x275.jpg\" alt=\"\" width=\"300\" height=\"226\" \/><img loading=\"lazy\" decoding=\"async\" class=\"alignnone size-medium wp-image-1759\" title=\"Informa\u00e7\u00f5es: O Campe\u00e3o News.\" src=\"https:\/\/clickcarangola.com.br\/site\/wp-content\/uploads\/2011\/10\/Carreta_04-300x225.jpg\" alt=\"\" width=\"300\" height=\"226\" srcset=\"https:\/\/clickcarangola.com.br\/site\/wp-content\/uploads\/2011\/10\/Carreta_04-300x225.jpg 300w, https:\/\/clickcarangola.com.br\/site\/wp-content\/uploads\/2011\/10\/Carreta_04-100x75.jpg 100w, https:\/\/clickcarangola.com.br\/site\/wp-content\/uploads\/2011\/10\/Carreta_04.jpg 512w\" sizes=\"auto, (max-width: 300px) 100vw, 300px\" \/><img loading=\"lazy\" decoding=\"async\" class=\"alignnone size-medium wp-image-1760\" title=\"Informa\u00e7\u00f5es: O Campe\u00e3o News.\" src=\"https:\/\/clickcarangola.com.br\/site\/wp-content\/uploads\/2011\/10\/Carreta_05-300x211.jpg\" alt=\"\" width=\"300\" height=\"226\" \/><img loading=\"lazy\" decoding=\"async\" class=\"alignnone size-medium wp-image-1761\" title=\"Informa\u00e7\u00f5es: O Campe\u00e3o News.\" src=\"https:\/\/clickcarangola.com.br\/site\/wp-content\/uploads\/2011\/10\/Carreta_06-300x162.jpg\" alt=\"\" width=\"300\" height=\"226\" \/><img loading=\"lazy\" decoding=\"async\" class=\"alignnone size-medium wp-image-1762\" title=\"Informa\u00e7\u00f5es: O Campe\u00e3o News.\" src=\"https:\/\/clickcarangola.com.br\/site\/wp-content\/uploads\/2011\/10\/Carreta_07-300x128.jpg\" alt=\"\" width=\"300\" height=\"226\" \/><\/span><\/p>\n<p style=\"text-align: justify;\"><strong><span style=\"color: #888888;\">Por: Click Carangola<\/span><\/strong><\/p>\n","protected":false},"excerpt":{"rendered":"<p>Uma carreta tomada de assalto na BR-262 foi localizada na\u00a0 manh\u00e3 desta quarta-feira (19\/10) na regi\u00e3o de Divino. A carreta placa MPM 2814 \/ Alfredo Chaves-ES, foi encontrada no p\u00e1tio do posto Timbos\u00e3o. \u00a0 A Pol\u00edcia\u00a0 Militar de Divino soube da localiza\u00e7\u00e3o do ve\u00edculo depois\u00a0 de rastreamento entre guarni\u00e7\u00f5es da regi\u00e3o, Rotam e T\u00e1tico M\u00f3vel.\u00a0 [&hellip;]<\/p>\n","protected":false},"author":2,"featured_media":0,"comment_status":"open","ping_status":"open","sticky":false,"template":"","format":"standard","meta":{"footnotes":""},"categories":[37,43,53],"tags":[],"class_list":["post-1755","post","type-post","status-publish","format-standard","hentry","category-carangola-mg","category-divino-mg","category-orizania-mg"],"_links":{"self":[{"href":"https:\/\/clickcarangola.com.br\/site\/wp-json\/wp\/v2\/posts\/1755","targetHints":{"allow":["GET"]}}],"collection":[{"href":"https:\/\/clickcarangola.com.br\/site\/wp-json\/wp\/v2\/posts"}],"about":[{"href":"https:\/\/clickcarangola.com.br\/site\/wp-json\/wp\/v2\/types\/post"}],"author":[{"embeddable":true,"href":"https:\/\/clickcarangola.com.br\/site\/wp-json\/wp\/v2\/users\/2"}],"replies":[{"embeddable":true,"href":"https:\/\/clickcarangola.com.br\/site\/wp-json\/wp\/v2\/comments?post=1755"}],"version-history":[{"count":3,"href":"https:\/\/clickcarangola.com.br\/site\/wp-json\/wp\/v2\/posts\/1755\/revisions"}],"predecessor-version":[{"id":1764,"href":"https:\/\/clickcarangola.com.br\/site\/wp-json\/wp\/v2\/posts\/1755\/revisions\/1764"}],"wp:attachment":[{"href":"https:\/\/clickcarangola.com.br\/site\/wp-json\/wp\/v2\/media?parent=1755"}],"wp:term":[{"taxonomy":"category","embeddable":true,"href":"https:\/\/clickcarangola.com.br\/site\/wp-json\/wp\/v2\/categories?post=1755"},{"taxonomy":"post_tag","embeddable":true,"href":"https:\/\/clickcarangola.com.br\/site\/wp-json\/wp\/v2\/tags?post=1755"}],"curies":[{"name":"wp","href":"https:\/\/api.w.org\/{rel}","templated":true}]}}