{"id":1787,"date":"2011-10-21T11:23:17","date_gmt":"2011-10-21T14:23:17","guid":{"rendered":"https:\/\/clickcarangola.com.br\/site\/?p=1787"},"modified":"2011-11-02T16:27:04","modified_gmt":"2011-11-02T19:27:04","slug":"confira-dicas-para-nao-fazer-feio-na-redacao-do-enem","status":"publish","type":"post","link":"https:\/\/clickcarangola.com.br\/site\/21\/10\/2011\/confira-dicas-para-nao-fazer-feio-na-redacao-do-enem\/","title":{"rendered":"Confira dicas para n\u00e3o fazer feio na reda\u00e7\u00e3o do Enem"},"content":{"rendered":"<p style=\"text-align: justify;\"><span style=\"color: #888888;\"><img loading=\"lazy\" decoding=\"async\" class=\"size-full wp-image-1788 alignleft\" title=\"Enem: reda\u00e7\u00e3o \u00e9 realizada no segundo dia.\" src=\"https:\/\/clickcarangola.com.br\/site\/wp-content\/uploads\/2011\/10\/Reda\u00e7\u00e3o.jpg\" alt=\"\" width=\"300\" height=\"200\" \/>Um dos maiores &#8220;monstros&#8221; do Exame Nacional\u00a0do Ensino M\u00e9dio (Enem), que ser\u00e1 realizado nos pr\u00f3ximos s\u00e1bado (22) e domingo (23), \u00e9 a reda\u00e7\u00e3o \u2013 avalia\u00e7\u00e3o que acontece no segundo dia de provas e que muitos alunos deixam para o final. Mas quem disputa uma vaga nas universidades precisa ficar atento \u2013 muitas vezes, \u00e9 o tempo que o aluno dedica ao texto que vai definir, afinal, quem vai conseguir uma vaga nas universidades.<\/span><\/p>\n<p style=\"text-align: justify;\"><span style=\"color: #888888;\">Segundo Filipe Couto, coordenador de l\u00edngua portuguesa do Col\u00e9gio e Curso pH, os alunos devem ficar atentos a temas atuais, que trabalhem as quest\u00f5es s\u00f3cio-culturais brasileiras. \u201cPodem aparecer temas relacionados ao esporte e participa\u00e7\u00e3o social, \u00e0 ascens\u00e3o da mulher no mundo contempor\u00e2neo, \u00e0 arte como agente de transforma\u00e7\u00e3o&#8230;\u201d, lista. \u201cO importante \u00e9 o aluno saber que os temas sempre estar\u00e3o ligados ao indiv\u00edduo e sua rela\u00e7\u00e3o com a sociedade\u201d.<\/span><\/p>\n<p style=\"text-align: justify;\"><span style=\"color: #888888;\">Para Rafael Cunha, diretor e coordenador de l\u00edngua portuguesa do Ponto de Ensino, o importante \u00e9 o aluno mostrar que consegue problematizar o tema e provar para a banca que \u00e9 capaz de propor interven\u00e7\u00f5es. \u201cN\u00e3o \u00e9 para o aluno simplesmente sugerir solu\u00e7\u00f5es para os problemas, mas ser engajado o suficiente para conseguir ver meios de amenizar uma situa\u00e7\u00e3o negativa\u201d, explica. Em entrevista ao Jornal do Brasil, os especialistas listam outras dicas para quem vai fazer provas neste fim de semana. Confira.<\/span><\/p>\n<p style=\"text-align: justify;\"><span style=\"color: #888888;\"><strong>Reserve tempo para sua prova \u2013 <\/strong>Para Filipe, o tempo que o Enem prev\u00ea para que o aluno se dedique \u00e0 reda\u00e7\u00e3o \u00e9 de cerca de uma hora. \u201cPara o aluno cumprir este prazo, \u00e9 importante planejar o texto antes de come\u00e7ar a escrever\u201d, alerta. \u201cN\u00e3o d\u00e1 tempo de fazer rascunho a l\u00e1pis para depois passar \u00e0 caneta\u201d. J\u00e1 Rafael acrescenta que quem faz o Enem pensando em garantir uma vaga nas universidades deve ficar mais atento. No caso da UFRJ, por exemplo, a reda\u00e7\u00e3o tem peso tr\u00eas na nota final de todos os candidatos. \u201cO aluno deve definir qual sua estrat\u00e9gia e ver se vale \u00e0 pena investir um pouco mais de tempo na reda\u00e7\u00e3o\u201d, conclui. <\/span><\/p>\n<p style=\"text-align: justify;\"><span style=\"color: #888888;\"><strong>Proponha solu\u00e7\u00f5es \u2013<\/strong> Uma caracter\u00edstica marcante da reda\u00e7\u00e3o do Enem \u00e9 a necessidade de o aluno propor solu\u00e7\u00f5es para os problemas abordados no tema. \u201cO aluno deve tentar levar a discuss\u00e3o para o plano do concreto\u201d, alerta. \u201cN\u00e3o adianta propor uma solu\u00e7\u00e3o gen\u00e9rica, como \u2018temos que investir na educa\u00e7\u00e3o\u2019, e sim pensar em como a educa\u00e7\u00e3o vai se aplicar naquele caso espec\u00edfico. O que o corretor quer avaliar \u00e9 se o aluno consegue perceber uma forma de resolver o problema dentro de uma realidade plaus\u00edvel\u201d.<\/span><\/p>\n<p style=\"text-align: justify;\"><span style=\"color: #888888;\"><strong>Interdisciplinaridade <\/strong>\u2013 A\u00ed est\u00e1 mais uma marca da prova de reda\u00e7\u00e3o do Enem. Al\u00e9m de propor solu\u00e7\u00f5es, a banca espera que o aluno seja capaz de estabelecer rela\u00e7\u00f5es entre o seu tema e os conhecimentos adquiridos ao longo de sua forma\u00e7\u00e3o. Citar outras disciplinas como literatura, hist\u00f3ria e geografia pode garantir alguns pontos, mas tamb\u00e9m \u00e9 preciso ficar atento para as refer\u00eancias n\u00e3o ficarem perdidas no texto. \u201cAo fazer essas rela\u00e7\u00f5es, o aluno mostra que tem uma vis\u00e3o de mundo ampla, isso enriquece o texto e \u00e9 bem visto pela banca\u201d, explica Rafael.<\/span><\/p>\n<p style=\"text-align: justify;\"><strong><span style=\"color: #888888;\">Por: Click Carangola<\/span><\/strong><\/p>\n","protected":false},"excerpt":{"rendered":"<p>Um dos maiores &#8220;monstros&#8221; do Exame Nacional\u00a0do Ensino M\u00e9dio (Enem), que ser\u00e1 realizado nos pr\u00f3ximos s\u00e1bado (22) e domingo (23), \u00e9 a reda\u00e7\u00e3o \u2013 avalia\u00e7\u00e3o que acontece no segundo dia de provas e que muitos alunos deixam para o final. Mas quem disputa uma vaga nas universidades precisa ficar atento \u2013 muitas vezes, \u00e9 o [&hellip;]<\/p>\n","protected":false},"author":2,"featured_media":0,"comment_status":"open","ping_status":"open","sticky":false,"template":"","format":"standard","meta":{"footnotes":""},"categories":[69],"tags":[],"class_list":["post-1787","post","type-post","status-publish","format-standard","hentry","category-pais"],"_links":{"self":[{"href":"https:\/\/clickcarangola.com.br\/site\/wp-json\/wp\/v2\/posts\/1787","targetHints":{"allow":["GET"]}}],"collection":[{"href":"https:\/\/clickcarangola.com.br\/site\/wp-json\/wp\/v2\/posts"}],"about":[{"href":"https:\/\/clickcarangola.com.br\/site\/wp-json\/wp\/v2\/types\/post"}],"author":[{"embeddable":true,"href":"https:\/\/clickcarangola.com.br\/site\/wp-json\/wp\/v2\/users\/2"}],"replies":[{"embeddable":true,"href":"https:\/\/clickcarangola.com.br\/site\/wp-json\/wp\/v2\/comments?post=1787"}],"version-history":[{"count":2,"href":"https:\/\/clickcarangola.com.br\/site\/wp-json\/wp\/v2\/posts\/1787\/revisions"}],"predecessor-version":[{"id":2006,"href":"https:\/\/clickcarangola.com.br\/site\/wp-json\/wp\/v2\/posts\/1787\/revisions\/2006"}],"wp:attachment":[{"href":"https:\/\/clickcarangola.com.br\/site\/wp-json\/wp\/v2\/media?parent=1787"}],"wp:term":[{"taxonomy":"category","embeddable":true,"href":"https:\/\/clickcarangola.com.br\/site\/wp-json\/wp\/v2\/categories?post=1787"},{"taxonomy":"post_tag","embeddable":true,"href":"https:\/\/clickcarangola.com.br\/site\/wp-json\/wp\/v2\/tags?post=1787"}],"curies":[{"name":"wp","href":"https:\/\/api.w.org\/{rel}","templated":true}]}}