{"id":18166,"date":"2014-06-05T06:30:45","date_gmt":"2014-06-05T09:30:45","guid":{"rendered":"https:\/\/clickcarangola.com.br\/site\/?p=18166"},"modified":"2014-06-05T12:16:27","modified_gmt":"2014-06-05T15:16:27","slug":"jovem-de-16-anos-morre-em-acidente-de-moto-proximo-a-caparao","status":"publish","type":"post","link":"https:\/\/clickcarangola.com.br\/site\/05\/06\/2014\/jovem-de-16-anos-morre-em-acidente-de-moto-proximo-a-caparao\/","title":{"rendered":"Jovem de 16 anos morre em acidente de moto pr\u00f3ximo a Capara\u00f3"},"content":{"rendered":"<p style=\"text-align: justify;\"><span style=\"color: #888888;\"><img loading=\"lazy\" decoding=\"async\" class=\"size-full wp-image-18167 alignleft\" title=\"\" src=\"https:\/\/clickcarangola.com.br\/site\/wp-content\/uploads\/2014\/06\/Acidente-de-moto-Alto-Capara\u00f3.jpg\" alt=\"\" width=\"300\" height=\"226\" \/>Victor Hugo Gon\u00e7alves Emerich, de 16 anos, morreu num acidente de moto na estrada de terra entre as cidades de Alto Capara\u00f3 e Capara\u00f3, na tarde desta ter\u00e7a-feira (03\/06).<\/span><\/p>\n<p style=\"text-align: justify;\"><span style=\"color: #888888;\">Segundo informa\u00e7\u00f5es, o rapaz pilotava uma motocicleta quando bateu na traseira do caminh\u00e3o dirigido por Lucemir Delgado.<!--more--><\/span><\/p>\n<p style=\"text-align: justify;\"><span style=\"color: #888888;\">O garoto n\u00e3o resistiu aos ferimentos e faleceu. Victor Hugo era morador da cidade de Alto Capara\u00f3. Com informa\u00e7\u00f5es de Gabriel Figueiredo e site portalcaparao.com.br.<\/span><\/p>\n<p style=\"color: #888888;\">Por: Click Carangola | Sugest\u00f5es de pauta: <a href=\"mailto:clickcarangola@gmail.com\">clickcarangola@gmail.com<\/a><\/p>\n","protected":false},"excerpt":{"rendered":"<p>Victor Hugo Gon\u00e7alves Emerich, de 16 anos, morreu num acidente de moto na estrada de terra entre as cidades de Alto Capara\u00f3 e Capara\u00f3, na tarde desta ter\u00e7a-feira (03\/06). Segundo informa\u00e7\u00f5es, o rapaz pilotava uma motocicleta quando bateu na traseira do caminh\u00e3o dirigido por Lucemir Delgado.<\/p>\n","protected":false},"author":2,"featured_media":0,"comment_status":"open","ping_status":"open","sticky":false,"template":"","format":"standard","meta":{"footnotes":""},"categories":[39,42],"tags":[],"class_list":["post-18166","post","type-post","status-publish","format-standard","hentry","category-altocaparao-mg","category-caparao-mg"],"_links":{"self":[{"href":"https:\/\/clickcarangola.com.br\/site\/wp-json\/wp\/v2\/posts\/18166","targetHints":{"allow":["GET"]}}],"collection":[{"href":"https:\/\/clickcarangola.com.br\/site\/wp-json\/wp\/v2\/posts"}],"about":[{"href":"https:\/\/clickcarangola.com.br\/site\/wp-json\/wp\/v2\/types\/post"}],"author":[{"embeddable":true,"href":"https:\/\/clickcarangola.com.br\/site\/wp-json\/wp\/v2\/users\/2"}],"replies":[{"embeddable":true,"href":"https:\/\/clickcarangola.com.br\/site\/wp-json\/wp\/v2\/comments?post=18166"}],"version-history":[{"count":8,"href":"https:\/\/clickcarangola.com.br\/site\/wp-json\/wp\/v2\/posts\/18166\/revisions"}],"predecessor-version":[{"id":18169,"href":"https:\/\/clickcarangola.com.br\/site\/wp-json\/wp\/v2\/posts\/18166\/revisions\/18169"}],"wp:attachment":[{"href":"https:\/\/clickcarangola.com.br\/site\/wp-json\/wp\/v2\/media?parent=18166"}],"wp:term":[{"taxonomy":"category","embeddable":true,"href":"https:\/\/clickcarangola.com.br\/site\/wp-json\/wp\/v2\/categories?post=18166"},{"taxonomy":"post_tag","embeddable":true,"href":"https:\/\/clickcarangola.com.br\/site\/wp-json\/wp\/v2\/tags?post=18166"}],"curies":[{"name":"wp","href":"https:\/\/api.w.org\/{rel}","templated":true}]}}