{"id":18369,"date":"2014-06-14T06:00:31","date_gmt":"2014-06-14T09:00:31","guid":{"rendered":"https:\/\/clickcarangola.com.br\/site\/?p=18369"},"modified":"2014-06-14T10:26:40","modified_gmt":"2014-06-14T13:26:40","slug":"prf-apreende-cerca-de-sete-toneladas-de-cafe-na-br-116","status":"publish","type":"post","link":"https:\/\/clickcarangola.com.br\/site\/14\/06\/2014\/prf-apreende-cerca-de-sete-toneladas-de-cafe-na-br-116\/","title":{"rendered":"PRF apreende cerca de sete toneladas de caf\u00e9 na BR-116"},"content":{"rendered":"<p style=\"text-align: justify;\"><span style=\"color: #888888;\"><img loading=\"lazy\" decoding=\"async\" class=\"size-full wp-image-18372 alignleft\" title=\"\" src=\"https:\/\/clickcarangola.com.br\/site\/wp-content\/uploads\/2014\/06\/Apreens\u00e3o-Caf\u00e9.jpg\" alt=\"\" width=\"300\" height=\"226\" \/>Um caminh\u00e3o foi flagrado na manh\u00e3 desta sexta-feira (13) no Km 783, da BR-116 em Leopoldina transportando irregularmente 115 sacas de caf\u00e9 em gr\u00e3os, cerca de 7 toneladas.<\/span><\/p>\n<p style=\"text-align: justify;\"><span style=\"color: #888888;\">De acordo com o inspetor Am\u00e9rico Cabral, da Pol\u00edcia Rodovi\u00e1ria Federal (PRF) em Leopoldina, a apreens\u00e3o foi realizada durante o atendimento a outra ocorr\u00eancia.<!--more--><\/span><\/p>\n<p style=\"text-align: justify;\"><span style=\"color: #888888;\">\u201cA equipe estava atendendo a um capotamento sem v\u00edtima, quando um dos nossos policiais percebeu que havia irregularidade com o caminh\u00e3o. A gente fez a abordagem e descobriu o problema\u201d, disse.<\/span><\/p>\n<p style=\"text-align: justify;\"><span style=\"color: #888888;\">Segundo ele, o motorista n\u00e3o tinha nenhuma documenta\u00e7\u00e3o fiscal referente ao produto. \u201cO ve\u00edculo saiu de\u00a0Alto Capara\u00f3\u00a0(MG), regi\u00e3o de planta\u00e7\u00e3o de caf\u00e9, e seguia para o estado do Rio de Janeiro, para um local a ser apurado, onde seria beneficiado\u201d, explicou o inspetor Am\u00e9rico Cabral. O motorista n\u00e3o foi detido.<\/span><\/p>\n<p style=\"text-align: justify;\"><span style=\"color: #888888;\">A ocorr\u00eancia foi registrada e encaminhada para a Receita Estadual. O caso tamb\u00e9m deve chegar \u00e0 Pol\u00edcia Civil. \u201cA gente repassa para a ag\u00eancia da Receita, em\u00a0Leopoldina. Eles fazem o levantamento se houve crime tribut\u00e1rio e enviam para a apura\u00e7\u00e3o da Pol\u00edcia Civil\u201d, esclareceu o inspetor Am\u00e9rico Cabral. A mercadoria, no entanto, fica retida at\u00e9 a regulariza\u00e7\u00e3o. \u201cA Receita calcula a multa pela sonega\u00e7\u00e3o e s\u00f3 libera quando houver o pagamento do Imposto sobre Circula\u00e7\u00e3o de Mercadorias e Servi\u00e7os (ICMS) e da multa\u201d, disse o inspetor da PRF.<\/span><\/p>\n<p style=\"text-align: justify;\"><span style=\"color: #888888;\">O inspetor Am\u00e9rico Cabral lembrou que a PRF realiza fiscaliza\u00e7\u00e3o permanente do transporte de cargas na regi\u00e3o e que as den\u00fancias podem ser feitas pelo 191. &#8220;Todas as informa\u00e7\u00f5es nos ajudam a combater o transporte irregular nas nossas rodovias&#8221;, refor\u00e7ou. Com informa\u00e7\u00f5es da PRF e G1.<\/span><\/p>\n<p style=\"color: #888888;\">Por: Click Carangola | Sugest\u00f5es de pauta: <a href=\"mailto:clickcarangola@gmail.com\">clickcarangola@gmail.com<\/a><\/p>\n","protected":false},"excerpt":{"rendered":"<p>Um caminh\u00e3o foi flagrado na manh\u00e3 desta sexta-feira (13) no Km 783, da BR-116 em Leopoldina transportando irregularmente 115 sacas de caf\u00e9 em gr\u00e3os, cerca de 7 toneladas. De acordo com o inspetor Am\u00e9rico Cabral, da Pol\u00edcia Rodovi\u00e1ria Federal (PRF) em Leopoldina, a apreens\u00e3o foi realizada durante o atendimento a outra ocorr\u00eancia.<\/p>\n","protected":false},"author":2,"featured_media":0,"comment_status":"open","ping_status":"open","sticky":false,"template":"","format":"standard","meta":{"footnotes":""},"categories":[39],"tags":[],"class_list":["post-18369","post","type-post","status-publish","format-standard","hentry","category-altocaparao-mg"],"_links":{"self":[{"href":"https:\/\/clickcarangola.com.br\/site\/wp-json\/wp\/v2\/posts\/18369","targetHints":{"allow":["GET"]}}],"collection":[{"href":"https:\/\/clickcarangola.com.br\/site\/wp-json\/wp\/v2\/posts"}],"about":[{"href":"https:\/\/clickcarangola.com.br\/site\/wp-json\/wp\/v2\/types\/post"}],"author":[{"embeddable":true,"href":"https:\/\/clickcarangola.com.br\/site\/wp-json\/wp\/v2\/users\/2"}],"replies":[{"embeddable":true,"href":"https:\/\/clickcarangola.com.br\/site\/wp-json\/wp\/v2\/comments?post=18369"}],"version-history":[{"count":6,"href":"https:\/\/clickcarangola.com.br\/site\/wp-json\/wp\/v2\/posts\/18369\/revisions"}],"predecessor-version":[{"id":18376,"href":"https:\/\/clickcarangola.com.br\/site\/wp-json\/wp\/v2\/posts\/18369\/revisions\/18376"}],"wp:attachment":[{"href":"https:\/\/clickcarangola.com.br\/site\/wp-json\/wp\/v2\/media?parent=18369"}],"wp:term":[{"taxonomy":"category","embeddable":true,"href":"https:\/\/clickcarangola.com.br\/site\/wp-json\/wp\/v2\/categories?post=18369"},{"taxonomy":"post_tag","embeddable":true,"href":"https:\/\/clickcarangola.com.br\/site\/wp-json\/wp\/v2\/tags?post=18369"}],"curies":[{"name":"wp","href":"https:\/\/api.w.org\/{rel}","templated":true}]}}