{"id":19207,"date":"2014-08-01T06:30:31","date_gmt":"2014-08-01T09:30:31","guid":{"rendered":"https:\/\/clickcarangola.com.br\/site\/?p=19207"},"modified":"2014-08-01T08:59:25","modified_gmt":"2014-08-01T11:59:25","slug":"foragido-acusado-de-matar-a-ex-mulher-e-preso-em-sao-francisco-do-gloria","status":"publish","type":"post","link":"https:\/\/clickcarangola.com.br\/site\/01\/08\/2014\/foragido-acusado-de-matar-a-ex-mulher-e-preso-em-sao-francisco-do-gloria\/","title":{"rendered":"Foragido, acusado de matar a ex-mulher, \u00e9 preso em S\u00e3o Francisco do Gl\u00f3ria"},"content":{"rendered":"<p style=\"text-align: justify;\"><img loading=\"lazy\" decoding=\"async\" class=\"size-full wp-image-19209 alignleft\" title=\"\" src=\"https:\/\/clickcarangola.com.br\/site\/wp-content\/uploads\/2014\/08\/Foragido-\u00e9-preso-em-SFG-01.jpg\" alt=\"\" width=\"300\" height=\"226\" \/><span style=\"color: #888888;\">Um homem de 29 anos, acusado de matar a ex-mulher a facadas, na cidade de Itagua\u00ed, na Baixada Fluminense &#8211; regi\u00e3o metropolitana do Rio de Janeiro &#8211; foi preso pela Pol\u00edcia Militar de S\u00e3o Francisco do Gl\u00f3ria, na zona rural da cidade, na noite desta quinta-feira (31).<\/span><\/p>\n<p style=\"text-align: justify;\"><span style=\"color: #888888;\">O crime aconteceu no dia 30 de abril e segundo a Pol\u00edcia Civil do Rio, o homem, que teria feito v\u00e1rias amea\u00e7as de morte \u00e0 v\u00edtima de 28 anos, atacou a mulher dentro de uma Kombi, na qual ela seguia com outras pessoas para um culto evang\u00e9lico.<!--more--><\/span><\/p>\n<p style=\"text-align: justify;\"><span style=\"color: #888888;\">De acordo com os militares que prenderam o acusado, a PM j\u00e1 havia recebido algumas den\u00fancias an\u00f4nimas de pessoas que se diziam desconfiadas quanto \u00e0 presen\u00e7a do rapaz na regi\u00e3o, e ontem (31) ele foi abordado durante patrulhamento rural, sendo constatada a exist\u00eancia de um mandado expedido pela Justi\u00e7a do Rio de Janeiro determinando sua pris\u00e3o.<\/span><\/p>\n<p style=\"text-align: justify;\"><span style=\"color: #888888;\">O homem foi apresentado \u00e0 Pol\u00edcia Civil, no plant\u00e3o da Delegacia Regional em Muria\u00e9, no bairro Safira, e assim que poss\u00edvel, deve ser transferido para o estado do Rio para responder pela acusa\u00e7\u00e3o de homic\u00eddio. Com informa\u00e7\u00f5es da PM e R\u00e1dio Muria\u00e9.<\/span><\/p>\n<p style=\"text-align: justify;\"><span style=\"color: #ff0000;\">Confira as imagens:<\/span><\/p>\n<div class=\"mceTemp\">\n<dl id=\"attachment_19208\" class=\"wp-caption alignnone\" style=\"width: 410px;\">\n<dt class=\"wp-caption-dt\"><img loading=\"lazy\" decoding=\"async\" class=\"size-full wp-image-19208\" src=\"https:\/\/clickcarangola.com.br\/site\/wp-content\/uploads\/2014\/08\/Foragido-\u00e9-preso-em-SFG-02.jpg\" alt=\"\" width=\"400\" height=\"300\" srcset=\"https:\/\/clickcarangola.com.br\/site\/wp-content\/uploads\/2014\/08\/Foragido-\u00e9-preso-em-SFG-02.jpg 600w, https:\/\/clickcarangola.com.br\/site\/wp-content\/uploads\/2014\/08\/Foragido-\u00e9-preso-em-SFG-02-300x225.jpg 300w, https:\/\/clickcarangola.com.br\/site\/wp-content\/uploads\/2014\/08\/Foragido-\u00e9-preso-em-SFG-02-100x75.jpg 100w\" sizes=\"auto, (max-width: 400px) 100vw, 400px\" \/><\/dt>\n<\/dl>\n<\/div>\n<p><a href=\"https:\/\/pt-br.facebook.com\/click.carangola\" target=\"_blank\"><img decoding=\"async\" src=\"https:\/\/clickcarangola.com.br\/site\/wp-content\/uploads\/2014\/07\/Fan-Page-Click-Carangola.jpg\" alt=\"\" \/><\/a><\/p>\n<p style=\"color: #888888;\">Por: Click Carangola | Sugest\u00f5es de pauta: <a href=\"mailto:clickcarangola@gmail.com\">clickcarangola@gmail.com<\/a><\/p>\n","protected":false},"excerpt":{"rendered":"<p>Um homem de 29 anos, acusado de matar a ex-mulher a facadas, na cidade de Itagua\u00ed, na Baixada Fluminense &#8211; regi\u00e3o metropolitana do Rio de Janeiro &#8211; foi preso pela Pol\u00edcia Militar de S\u00e3o Francisco do Gl\u00f3ria, na zona rural da cidade, na noite desta quinta-feira (31). O crime aconteceu no dia 30 de abril [&hellip;]<\/p>\n","protected":false},"author":2,"featured_media":0,"comment_status":"open","ping_status":"open","sticky":false,"template":"","format":"standard","meta":{"footnotes":""},"categories":[55],"tags":[],"class_list":["post-19207","post","type-post","status-publish","format-standard","hentry","category-saofranciscodogloria-mg"],"_links":{"self":[{"href":"https:\/\/clickcarangola.com.br\/site\/wp-json\/wp\/v2\/posts\/19207","targetHints":{"allow":["GET"]}}],"collection":[{"href":"https:\/\/clickcarangola.com.br\/site\/wp-json\/wp\/v2\/posts"}],"about":[{"href":"https:\/\/clickcarangola.com.br\/site\/wp-json\/wp\/v2\/types\/post"}],"author":[{"embeddable":true,"href":"https:\/\/clickcarangola.com.br\/site\/wp-json\/wp\/v2\/users\/2"}],"replies":[{"embeddable":true,"href":"https:\/\/clickcarangola.com.br\/site\/wp-json\/wp\/v2\/comments?post=19207"}],"version-history":[{"count":9,"href":"https:\/\/clickcarangola.com.br\/site\/wp-json\/wp\/v2\/posts\/19207\/revisions"}],"predecessor-version":[{"id":19217,"href":"https:\/\/clickcarangola.com.br\/site\/wp-json\/wp\/v2\/posts\/19207\/revisions\/19217"}],"wp:attachment":[{"href":"https:\/\/clickcarangola.com.br\/site\/wp-json\/wp\/v2\/media?parent=19207"}],"wp:term":[{"taxonomy":"category","embeddable":true,"href":"https:\/\/clickcarangola.com.br\/site\/wp-json\/wp\/v2\/categories?post=19207"},{"taxonomy":"post_tag","embeddable":true,"href":"https:\/\/clickcarangola.com.br\/site\/wp-json\/wp\/v2\/tags?post=19207"}],"curies":[{"name":"wp","href":"https:\/\/api.w.org\/{rel}","templated":true}]}}