{"id":19622,"date":"2014-09-08T06:30:05","date_gmt":"2014-09-08T09:30:05","guid":{"rendered":"https:\/\/clickcarangola.com.br\/site\/?p=19622"},"modified":"2014-09-09T12:40:31","modified_gmt":"2014-09-09T15:40:31","slug":"homem-e-preso-apos-furtar-tv-em-prefeitura-da-regiao","status":"publish","type":"post","link":"https:\/\/clickcarangola.com.br\/site\/08\/09\/2014\/homem-e-preso-apos-furtar-tv-em-prefeitura-da-regiao\/","title":{"rendered":"Homem \u00e9 preso ap\u00f3s furtar TV em prefeitura da regi\u00e3o"},"content":{"rendered":"<p style=\"text-align: justify;\"><span style=\"color: #888888;\"><img loading=\"lazy\" decoding=\"async\" class=\"size-full wp-image-19626 alignleft\" title=\"\" src=\"https:\/\/clickcarangola.com.br\/site\/wp-content\/uploads\/2014\/09\/Roubo-em-prefeitura-01.jpg\" alt=\"\" width=\"300\" height=\"226\" srcset=\"https:\/\/clickcarangola.com.br\/site\/wp-content\/uploads\/2014\/09\/Roubo-em-prefeitura-01.jpg 600w, https:\/\/clickcarangola.com.br\/site\/wp-content\/uploads\/2014\/09\/Roubo-em-prefeitura-01-300x225.jpg 300w, https:\/\/clickcarangola.com.br\/site\/wp-content\/uploads\/2014\/09\/Roubo-em-prefeitura-01-100x75.jpg 100w\" sizes=\"auto, (max-width: 300px) 100vw, 300px\" \/>Um homem foi preso neste domingo (07), ap\u00f3s furtar uma TV de 32 polegadas na Prefeitura de Faria Lemos e fugir para Carangola, em uma bicicleta emprestada. Ele foi detido por policiais militares de Faria Lemos, depois de pedalar 11 km carregando o aparelho.<\/span><\/p>\n<p style=\"text-align: justify;\"><span style=\"color: #888888;\">Segundo a Pol\u00edcia Militar, um comerciante da cidade acionou os militares contando que emprestou sua bicicleta ao suspeito, que n\u00e3o voltou para entreg\u00e1-la, informando tamb\u00e9m que o rapaz teria sido visto na estrada, seguindo em dire\u00e7\u00e3o a Carangola, com uma televis\u00e3o debaixo do bra\u00e7o.<!--more--><\/span><\/p>\n<p style=\"text-align: justify;\"><span style=\"color: #888888;\">A PM saiu em rastreamento e conseguiu abordar o acusado em Carangola e recuperar a TV, que segundo os policiais havia sido furtada na prefeitura de Faria Lemos.<\/span><\/p>\n<p style=\"text-align: justify;\"><span style=\"color: #888888;\">O rapaz foi detido e o aparelho encaminhado para Muria\u00e9 e apresentados \u00e0 Pol\u00edcia Civil, no plant\u00e3o da Delegacia Regional, no bairro Safira.<\/span><\/p>\n<p style=\"text-align: justify;\"><span style=\"color: #ff0000;\">Confira as imagens:<\/span><\/p>\n<div class=\"mceTemp\">\n<dl id=\"attachment_19627\" class=\"wp-caption alignnone\" style=\"width: 410px;\">\n<dt class=\"wp-caption-dt\"><img loading=\"lazy\" decoding=\"async\" class=\"size-full wp-image-19627\" src=\"https:\/\/clickcarangola.com.br\/site\/wp-content\/uploads\/2014\/09\/Roubo-em-prefeitura-02.jpg\" alt=\"\" width=\"400\" height=\"300\" srcset=\"https:\/\/clickcarangola.com.br\/site\/wp-content\/uploads\/2014\/09\/Roubo-em-prefeitura-02.jpg 600w, https:\/\/clickcarangola.com.br\/site\/wp-content\/uploads\/2014\/09\/Roubo-em-prefeitura-02-300x225.jpg 300w, https:\/\/clickcarangola.com.br\/site\/wp-content\/uploads\/2014\/09\/Roubo-em-prefeitura-02-100x75.jpg 100w\" sizes=\"auto, (max-width: 400px) 100vw, 400px\" \/><\/dt>\n<\/dl>\n<\/div>\n<div class=\"mceTemp\">\n<dl id=\"attachment_19627\" class=\"wp-caption alignnone\" style=\"width: 410px;\">\n<dt class=\"wp-caption-dt\"><img loading=\"lazy\" decoding=\"async\" class=\"size-full wp-image-19627\" src=\"https:\/\/clickcarangola.com.br\/site\/wp-content\/uploads\/2014\/09\/Roubo-em-prefeitura-03.jpg\" alt=\"\" width=\"400\" height=\"300\" \/><\/dt>\n<\/dl>\n<\/div>\n<p><span style=\"color: #888888;\">Por: Click Carangola | Com informa\u00e7\u00f5es da PM e R\u00e1dio Muria\u00e9.<\/span><\/p>\n","protected":false},"excerpt":{"rendered":"<p>Um homem foi preso neste domingo (07), ap\u00f3s furtar uma TV de 32 polegadas na Prefeitura de Faria Lemos e fugir para Carangola, em uma bicicleta emprestada. Ele foi detido por policiais militares de Faria Lemos, depois de pedalar 11 km carregando o aparelho. Segundo a Pol\u00edcia Militar, um comerciante da cidade acionou os militares [&hellip;]<\/p>\n","protected":false},"author":2,"featured_media":0,"comment_status":"open","ping_status":"open","sticky":false,"template":"","format":"standard","meta":{"footnotes":""},"categories":[46],"tags":[],"class_list":["post-19622","post","type-post","status-publish","format-standard","hentry","category-farialemos-mg"],"_links":{"self":[{"href":"https:\/\/clickcarangola.com.br\/site\/wp-json\/wp\/v2\/posts\/19622","targetHints":{"allow":["GET"]}}],"collection":[{"href":"https:\/\/clickcarangola.com.br\/site\/wp-json\/wp\/v2\/posts"}],"about":[{"href":"https:\/\/clickcarangola.com.br\/site\/wp-json\/wp\/v2\/types\/post"}],"author":[{"embeddable":true,"href":"https:\/\/clickcarangola.com.br\/site\/wp-json\/wp\/v2\/users\/2"}],"replies":[{"embeddable":true,"href":"https:\/\/clickcarangola.com.br\/site\/wp-json\/wp\/v2\/comments?post=19622"}],"version-history":[{"count":4,"href":"https:\/\/clickcarangola.com.br\/site\/wp-json\/wp\/v2\/posts\/19622\/revisions"}],"predecessor-version":[{"id":19624,"href":"https:\/\/clickcarangola.com.br\/site\/wp-json\/wp\/v2\/posts\/19622\/revisions\/19624"}],"wp:attachment":[{"href":"https:\/\/clickcarangola.com.br\/site\/wp-json\/wp\/v2\/media?parent=19622"}],"wp:term":[{"taxonomy":"category","embeddable":true,"href":"https:\/\/clickcarangola.com.br\/site\/wp-json\/wp\/v2\/categories?post=19622"},{"taxonomy":"post_tag","embeddable":true,"href":"https:\/\/clickcarangola.com.br\/site\/wp-json\/wp\/v2\/tags?post=19622"}],"curies":[{"name":"wp","href":"https:\/\/api.w.org\/{rel}","templated":true}]}}