{"id":1994,"date":"2011-11-02T12:53:45","date_gmt":"2011-11-02T15:53:45","guid":{"rendered":"https:\/\/clickcarangola.com.br\/site\/?p=1994"},"modified":"2011-11-02T16:22:40","modified_gmt":"2011-11-02T19:22:40","slug":"lula-divulga-video-para-agradecer-solidariedade","status":"publish","type":"post","link":"https:\/\/clickcarangola.com.br\/site\/02\/11\/2011\/lula-divulga-video-para-agradecer-solidariedade\/","title":{"rendered":"Lula divulga v\u00eddeo para agradecer solidariedade"},"content":{"rendered":"<p><img loading=\"lazy\" decoding=\"async\" class=\"size-medium wp-image-1995  alignleft\" title=\"(AE) Luiz In\u00e1cio Lula da Silva, ao lado de Marisa Let\u00edcia.\" src=\"https:\/\/clickcarangola.com.br\/site\/wp-content\/uploads\/2011\/11\/Lula-300x200.jpg\" alt=\"\" width=\"300\" height=\"226\" \/><\/p>\n<p style=\"text-align: justify;\"><span style=\"color: #888888;\">Lula come\u00e7a o v\u00eddeo agradecendo &#8220;ao povo brasileiro pelo carinho e solidariedade&#8221;. &#8220;O que aconteceu comigo \u00e9 daquelas coisas que acontecem com todo mundo, mas a gente pensa que s\u00f3 acontece com os outros, nunca com a gente&#8221;, afirmou. &#8220;Acho que vou vencer essa batalha. N\u00e3o foi a primeira e n\u00e3o ser\u00e1 a \u00faltima batalha que vou enfrentar, e com a solidariedade de voc\u00eas, vai ser muito mais tranquilo, muito mais f\u00e1cil.&#8221;<\/span><\/p>\n<p style=\"text-align: justify;\"><span style=\"color: #888888;\">O ex-presidente disse que seguir\u00e1 todas as orienta\u00e7\u00f5es m\u00e9dicas. &#8220;Voc\u00eas percebem que a minha voz n\u00e3o est\u00e1 boa ainda. Estou doido para falar uns &#8216;Companheiros e companheiras&#8217; mais fortes, mas n\u00e3o estou podendo&#8221;, afirmou. &#8220;N\u00e3o existe espa\u00e7o para pessimismo, n\u00e3o existe espa\u00e7o para ficar lamentando que hoje o dia n\u00e3o foi bom. Se o dia n\u00e3o foi bom, a gente faz ele ficar melhor amanh\u00e3, com muita garra.&#8221;<\/span><\/p>\n<p style=\"text-align: justify;\"><span style=\"color: #888888;\">Lula aproveitou para dar apoio \u00e0 presidenta Dilma Rousseff. &#8220;Ser\u00e1 inexor\u00e1vel a caminhada do Pa\u00eds para se transformar numa grande economia. A gente vai fazer o que precisa ser feito, acreditar na nossa presidenta e ajud\u00e1-la, porque \u00e9 assim que o Brasil vai para frente.&#8221;<\/span><\/p>\n<p style=\"text-align: justify;\"><strong><span style=\"color: #888888;\">Exames<\/span><\/strong><\/p>\n<p style=\"text-align: justify;\"><span style=\"color: #888888;\">Segundo a equipe m\u00e9dica do Hospital S\u00edrio-Liban\u00eas, Lula reagiu bem \u00e0 quimioterapia aplicada ontem &#8211; a primeira das tr\u00eas sess\u00f5es previstas. Os exames feitos na manh\u00e3 de ontem n\u00e3o apontaram anormalidade em seu quadro cl\u00ednico. Os oncologistas Paulo Hoff e Artur Katz disseram que, at\u00e9 a pr\u00f3xima sess\u00e3o de quimioterapia, o ex-presidente deve passar por exames para monitorar seu estado de sa\u00fade. &#8220;Ele reagiu bem, passou uma noite bem&#8221;, disse Hoff.<\/span><\/p>\n<p style=\"text-align: justify;\"><span style=\"color: #888888;\">At\u00e9 o fim de semana, Lula carregar\u00e1 na cintura uma bomba de infus\u00e3o que injetar\u00e1 os medicamentos pelo cateter colocado abaixo do ombro direito. Os m\u00e9dicos disseram que o ex-presidente pode levar uma vida normal e estuda permitir a realiza\u00e7\u00e3o de atividades f\u00edsicas leves em esteira, durante o tratamento. &#8220;Estamos discutindo at\u00e9 quantos minutos ele poder\u00e1 por dia fazer esteira&#8221;, afirmou Katz.<\/span><\/p>\n<p style=\"text-align: justify;\"><span style=\"color: #888888;\">A \u00fanica recomenda\u00e7\u00e3o que a equipe m\u00e9dica deu ao ex-presidente \u00e9 a de n\u00e3o ter agenda p\u00fablica. Lula cancelou viagens nacionais e internacionais at\u00e9 janeiro de 2012. Em novembro, o ex-presidente iria para Estados Unidos, Rep\u00fablica Dominicana, Venezuela e \u00cdndia.<\/span><\/p>\n<p style=\"text-align: justify;\"><strong><span style=\"color: #888888;\">Presidente do PT quer manter as articula\u00e7\u00f5es<\/span><\/strong><\/p>\n<p style=\"text-align: justify;\"><span style=\"color: #888888;\">Mesmo sem agenda p\u00fablica, o ex-presidente Luiz In\u00e1cio Lula da Silva n\u00e3o deixar\u00e1 de ter influ\u00eancia pol\u00edtica. O presidente nacional do PT, Rui Falc\u00e3o, afirmou ontem que vai procurar o ex-presidente assim que poss\u00edvel &#8220;N\u00f3s vamos continuar conversando com ele assim que houver possibilidade de conversar nos pr\u00f3ximos dias&#8221;, disse.<\/span><\/p>\n<p style=\"text-align: justify;\"><span style=\"color: #888888;\">Segundo Falc\u00e3o, Lula havia dito que reduziria a agenda de palestras em 2012 para se dedicar \u00e0 campanha nas elei\u00e7\u00f5es municipais. &#8220;Ele tinha me dito que ia fazer campanha pelo 13 e pelo PT. Assim que se recuperar, far\u00e1 campanha pelo 13 e pelo PT &#8220;<\/span><\/p>\n<p style=\"text-align: justify;\"><span style=\"color: #888888;\">Para Falc\u00e3o, PT, Lula deve gravar programas de r\u00e1dio e TV do PT, mas \u00e9 cedo para dizer se vai fazer campanha nas ruas. &#8220;Por que vamos fazer esse progn\u00f3stico que pressup\u00f5e a impossibilidade dele de viajar? N\u00e3o tem campanha agora.<\/span><\/p>\n<p style=\"text-align: justify;\"><strong><span style=\"color: #888888;\">Ex-presidente suspeitou que estava com c\u00e2ncer<\/span><\/strong><\/p>\n<p style=\"text-align: justify;\"><span style=\"color: #888888;\"><img loading=\"lazy\" decoding=\"async\" class=\"size-medium wp-image-1996 alignleft\" title=\"(AE) Oncologista Paulo Hoff afirma que Lula reagiu bem \u00e0 quimioterapia.\" src=\"https:\/\/clickcarangola.com.br\/site\/wp-content\/uploads\/2011\/11\/Paulo-Hoff-300x200.jpg\" alt=\"\" width=\"300\" height=\"226\" \/>Na viagem que fez a convite da presidenta Dilma Rousseff a Manaus, no dia 24, o ex-presidente Luiz In\u00e1cio Lula da Silva confidenciou a ela que sentia dores na garganta e que n\u00e3o queria fazer exames por temer tratar-se de um c\u00e2ncer. O irm\u00e3o mais velho, Jaime, sofreu da mesma doen\u00e7a.<\/span><\/p>\n<p style=\"text-align: justify;\"><span style=\"color: #888888;\">&#8220;N\u00e3o quero fazer exame porque desconfio que seja c\u00e2ncer&#8221;, disse Lula a Dilma. Ontem, no Hospital S\u00edrio-Liban\u00eas, Lula relembrou a conversa durante a visita de Dilma e dos ministros Gilberto Carvalho (Secretaria-Geral da Presid\u00eancia) e Guido Mantega (Fazenda) e comentou sua resist\u00eancia em fazer consultas m\u00e9dicas e exames para evitar surpresas desagrad\u00e1veis. &#8220;Ele \u00e9 muito medroso&#8221;, disse Gilberto Carvalho.<\/span><\/p>\n<p style=\"text-align: justify;\"><span style=\"color: #888888;\">Segundo o ministro, a mulher de Lula, Marisa Let\u00edcia, j\u00e1 se prepara para reorganizar o apartamento em S\u00e3o Bernardo do Campo, para que o ex-presidente possa fazer reuni\u00f5es pol\u00edticas por l\u00e1.<\/span><\/p>\n<p style=\"text-align: justify;\"><span style=\"color: #888888;\">No hospital, Lula estava &#8220;com muita disposi\u00e7\u00e3o&#8221; e falou sobre a reuni\u00e3o do G20, da qual Dilma participa, e da emo\u00e7\u00e3o ao ver a faixa #For\u00e7aLula, exibida pelo time do Corinthians, no domingo, durante o jogo no est\u00e1dio Pacaembu.<\/span><\/p>\n<p style=\"text-align: justify;\"><span style=\"color: #888888;\">O ex-presidente deixou ontem o Hospital S\u00edrio-Liban\u00eas \u00e0s 15h30 , na capital paulista, onde foi submetido \u00e0 primeira sess\u00e3o de quimioterapia no tratamento contra um c\u00e2ncer na laringe.<\/span><\/p>\n<p style=\"text-align: justify;\"><span style=\"color: #888888;\">Antes de deixar o hospital, Luiz In\u00e1cio Lula da Silva realizou exames para avaliar os efeitos do tratamento. Um desses exames, segundo a equipe m\u00e9dica, \u00e9 chamado de PET Scan, esp\u00e9cie de tomografia que serve para detec\u00e7\u00e3o precoce de tumores ou novos focos.<\/span><\/p>\n<p style=\"text-align: justify;\"><span style=\"color: #888888;\">Ap\u00f3s os exames, o ex-presidente fez uma \u00fanica reclama\u00e7\u00e3o aos m\u00e9dicos: estava com fome. O &#8220;problema&#8221; foi resolvido logo em seguida, com um almo\u00e7o servido pelo hospital. O cardiologista Roberto Kalil Filho, integrante da equipe m\u00e9dica, afirmou que o ex-presidente n\u00e3o sentiu enjoos e n\u00e3o apresentou nenhum efeito colateral ao tratamento quimioter\u00e1pico. Pela manh\u00e3, segundo a equipe m\u00e9dica, Lula estava bem disposto e confiante. &#8220;O que tem de ser enfrentado, tem de ser enfrentado&#8221;, teria destacado o ex-presidente.<\/span><\/p>\n<p style=\"text-align: justify;\"><strong><span style=\"color: #888888;\">Click Carangola | O click certo na informa\u00e7\u00e3o!<\/span><\/strong><\/p>\n","protected":false},"excerpt":{"rendered":"<p>Lula come\u00e7a o v\u00eddeo agradecendo &#8220;ao povo brasileiro pelo carinho e solidariedade&#8221;. &#8220;O que aconteceu comigo \u00e9 daquelas coisas que acontecem com todo mundo, mas a gente pensa que s\u00f3 acontece com os outros, nunca com a gente&#8221;, afirmou. &#8220;Acho que vou vencer essa batalha. N\u00e3o foi a primeira e n\u00e3o ser\u00e1 a \u00faltima batalha [&hellip;]<\/p>\n","protected":false},"author":2,"featured_media":0,"comment_status":"open","ping_status":"open","sticky":false,"template":"","format":"standard","meta":{"footnotes":""},"categories":[69],"tags":[],"class_list":["post-1994","post","type-post","status-publish","format-standard","hentry","category-pais"],"_links":{"self":[{"href":"https:\/\/clickcarangola.com.br\/site\/wp-json\/wp\/v2\/posts\/1994","targetHints":{"allow":["GET"]}}],"collection":[{"href":"https:\/\/clickcarangola.com.br\/site\/wp-json\/wp\/v2\/posts"}],"about":[{"href":"https:\/\/clickcarangola.com.br\/site\/wp-json\/wp\/v2\/types\/post"}],"author":[{"embeddable":true,"href":"https:\/\/clickcarangola.com.br\/site\/wp-json\/wp\/v2\/users\/2"}],"replies":[{"embeddable":true,"href":"https:\/\/clickcarangola.com.br\/site\/wp-json\/wp\/v2\/comments?post=1994"}],"version-history":[{"count":7,"href":"https:\/\/clickcarangola.com.br\/site\/wp-json\/wp\/v2\/posts\/1994\/revisions"}],"predecessor-version":[{"id":2003,"href":"https:\/\/clickcarangola.com.br\/site\/wp-json\/wp\/v2\/posts\/1994\/revisions\/2003"}],"wp:attachment":[{"href":"https:\/\/clickcarangola.com.br\/site\/wp-json\/wp\/v2\/media?parent=1994"}],"wp:term":[{"taxonomy":"category","embeddable":true,"href":"https:\/\/clickcarangola.com.br\/site\/wp-json\/wp\/v2\/categories?post=1994"},{"taxonomy":"post_tag","embeddable":true,"href":"https:\/\/clickcarangola.com.br\/site\/wp-json\/wp\/v2\/tags?post=1994"}],"curies":[{"name":"wp","href":"https:\/\/api.w.org\/{rel}","templated":true}]}}