{"id":20357,"date":"2015-01-07T06:00:47","date_gmt":"2015-01-07T09:00:47","guid":{"rendered":"https:\/\/clickcarangola.com.br\/site\/?p=20357"},"modified":"2015-01-08T17:15:43","modified_gmt":"2015-01-08T20:15:43","slug":"produtor-de-alto-caparao-e-destaque-do-agronegocio-mineiro","status":"publish","type":"post","link":"https:\/\/clickcarangola.com.br\/site\/07\/01\/2015\/produtor-de-alto-caparao-e-destaque-do-agronegocio-mineiro\/","title":{"rendered":"Produtor de Alto Capara\u00f3 \u00e9 destaque do Agroneg\u00f3cio Mineiro"},"content":{"rendered":"<p style=\"text-align: justify;\"><span style=\"color: #888888;\"><img loading=\"lazy\" decoding=\"async\" class=\"size-full wp-image-20358 alignleft\" title=\"\" src=\"https:\/\/clickcarangola.com.br\/site\/wp-content\/uploads\/2015\/01\/Produtor-de-Alto-Capara\u00f3.jpg\" alt=\"\" width=\"262\" height=\"400\" srcset=\"https:\/\/clickcarangola.com.br\/site\/wp-content\/uploads\/2015\/01\/Produtor-de-Alto-Capara\u00f3.jpg 262w, https:\/\/clickcarangola.com.br\/site\/wp-content\/uploads\/2015\/01\/Produtor-de-Alto-Capara\u00f3-196x300.jpg 196w\" sizes=\"auto, (max-width: 262px) 100vw, 262px\" \/>O produtor rural Clayton Barrossa Monteiro, de Alto Capara\u00f3 &#8211; cidade a 54 Km de Carangola, \u00e9 destaque na Revista Encontro como personalidade do agroneg\u00f3cio mineiro em 2014.\u00a0<\/span><span style=\"color: #888888;\">A reportagem traz o perfil do empreendedor que conquistou o pr\u00eamio Coffee of the Year (Caf\u00e9 do Ano).<\/span><\/p>\n<p style=\"text-align: justify;\"><span style=\"color: #888888;\">Quando chegou com a ideia de plantar caf\u00e9 na serra do Capara\u00f3, Clayton Barrossa Monteiro n\u00e3o despertou confian\u00e7a \u00a0nos moradores, tampouco nos produtores locais. O perfil de Clayton, com 22 anos na \u00e9poca, era at\u00edpico para a atividade: paulista da capital, surfista de carteirinha, corpo atl\u00e9tico e com dez tatuagens tribais espalhadas. &#8220;O pessoal achou que eu n\u00e3o ficaria nem uma semana&#8221;, diz Clayton. &#8220;A vida na ro\u00e7a \u00e9 diferente.&#8221;<!--more--><\/span><\/p>\n<p style=\"text-align: justify;\"><span style=\"color: #888888;\">Passados 17 anos, o Caf\u00e9 Fazenda Ninho da \u00c1guia, produzido em sua propriedade, foi eleito o melhor do pa\u00eds na premia\u00e7\u00e3o do Coffee of the Year 2014, mais importante concurso do setor, ocorrido durante a Semana Internacional do Caf\u00e9, em setembro, no Expominas. A conquista possibilitou ao produtor realizar um sonho: cruzar as fronteiras e colocar seu caf\u00e9 nas prateleiras da Five Elephant, em Berlim (Alemanha), e na Le Coutume, em Paris (Fran\u00e7a), consideradas entre as melhores cafeterias do mundo.<\/span><\/p>\n<p style=\"text-align: justify;\"><span style=\"color: #888888;\">&#8220;Nossa regi\u00e3o sempre teve fama de produzir caf\u00e9s ruins. Agora, est\u00e1 provado: daqui pode sair o melhor caf\u00e9 do Brasil&#8221;, afirma. A Fazenda Ninho da \u00c1guia est\u00e1 localizada a pouco mais de 2 km do centro da pequena cidade do Alto Capara\u00f3, na divisa com o Parque Nacional do Capara\u00f3 (Pico da Bandeira). Na \u00e9poca em que chegou \u00e0 regi\u00e3o, n\u00e3o se falava em caf\u00e9s especiais. Mas Clayton come\u00e7ou a fazer o cultivo de forma diferente do que se praticava por ali. Para in\u00edcio de conversa, inverteu a l\u00f3gica local. Os produtores da regi\u00e3o sempre separavam os melhores lotes e os vendiam. Os piores eram consumidos em casa. &#8220;Eu fiz o contr\u00e1rio: consumia os melhores&#8221;, diz. &#8220;Assim, pude conhecer a qualidade do que plantava e buscar sempre mais.&#8221;<\/span><\/p>\n<p style=\"text-align: justify;\"><span style=\"color: #888888;\">H\u00e1 cerca de dez anos, quando as cafeterias de S\u00e3o Paulo come\u00e7aram a falar em caf\u00e9s especiais, Clayton correu para l\u00e1. &#8220;Experimentei os melhores&#8221;, afirma. &#8220;Descobri que o da minha casa estava entre eles.&#8221; Ele se entusiasmou e procurou uma associa\u00e7\u00e3o de sua regi\u00e3o. N\u00e3o deu certo. &#8220;Ningu\u00e9m estava preocupado com qualidade&#8221;, diz. &#8220;Todos queriam saber, antes mesmo de produzir, por quanto iriam vender.&#8221;<\/span><\/p>\n<p style=\"text-align: justify;\"><span style=\"color: #888888;\">Mas, sozinho, foi \u00e0 luta. Hoje, a fazenda Ninho da \u00c1guia \u00e9 atra\u00e7\u00e3o tur\u00edstica na regi\u00e3o da serra do Capara\u00f3. A produ\u00e7\u00e3o \u00e9 pequena (cerca de 300 sacas em 25 hectares de \u00e1rea), o que corresponde, por exemplo, a apenas 1% da produ\u00e7\u00e3o do segundo lugar na premia\u00e7\u00e3o do Coffee of the Year. &#8220;Tenho produ\u00e7\u00e3o artesanal, colho os melhores gr\u00e3os, que s\u00e3o selecionados \u00e0 m\u00e3o, e fa\u00e7o a secagem natural, em terreiro suspenso&#8221;, diz. &#8220;Fora o amor que tenho.&#8221; Ele continua bebendo em sua casa o melhor dos lotes. Tem dado certo. Em novembro, voltou a ser premiado: ganhou o concurso de melhor caf\u00e9 das Matas de Minas da Emater-MG, na categoria caf\u00e9 cereja descascado. Mas por que Clayton decidiu plantar caf\u00e9? &#8220;Diziam que produtor de caf\u00e9 trabalha s\u00f3 seis meses no ano&#8221;, diz. &#8220;Nos outros seis meses, eu poderia ficar surfando.&#8221; Em quase 20 anos de luta, Clayton ainda n\u00e3o conheceu essa folga. Mas est\u00e1 conformado. Aprendeu a surfar em novos mares e gostou. At\u00e9 agora, tem vencido as grandes ondas.<\/span><\/p>\n<p style=\"text-align: justify;\"><span style=\"color: #888888;\"><strong>Por: Click Carangol<\/strong><\/span><span style=\"color: #888888;\"><strong>a<\/strong> | Com informa\u00e7\u00f5es da Revista Encontro.<\/span><\/p>\n","protected":false},"excerpt":{"rendered":"<p>O produtor rural Clayton Barrossa Monteiro, de Alto Capara\u00f3 &#8211; cidade a 54 Km de Carangola, \u00e9 destaque na Revista Encontro como personalidade do agroneg\u00f3cio mineiro em 2014.\u00a0A reportagem traz o perfil do empreendedor que conquistou o pr\u00eamio Coffee of the Year (Caf\u00e9 do Ano). Quando chegou com a ideia de plantar caf\u00e9 na serra [&hellip;]<\/p>\n","protected":false},"author":2,"featured_media":0,"comment_status":"open","ping_status":"open","sticky":false,"template":"","format":"standard","meta":{"footnotes":""},"categories":[39],"tags":[],"class_list":["post-20357","post","type-post","status-publish","format-standard","hentry","category-altocaparao-mg"],"_links":{"self":[{"href":"https:\/\/clickcarangola.com.br\/site\/wp-json\/wp\/v2\/posts\/20357","targetHints":{"allow":["GET"]}}],"collection":[{"href":"https:\/\/clickcarangola.com.br\/site\/wp-json\/wp\/v2\/posts"}],"about":[{"href":"https:\/\/clickcarangola.com.br\/site\/wp-json\/wp\/v2\/types\/post"}],"author":[{"embeddable":true,"href":"https:\/\/clickcarangola.com.br\/site\/wp-json\/wp\/v2\/users\/2"}],"replies":[{"embeddable":true,"href":"https:\/\/clickcarangola.com.br\/site\/wp-json\/wp\/v2\/comments?post=20357"}],"version-history":[{"count":8,"href":"https:\/\/clickcarangola.com.br\/site\/wp-json\/wp\/v2\/posts\/20357\/revisions"}],"predecessor-version":[{"id":20360,"href":"https:\/\/clickcarangola.com.br\/site\/wp-json\/wp\/v2\/posts\/20357\/revisions\/20360"}],"wp:attachment":[{"href":"https:\/\/clickcarangola.com.br\/site\/wp-json\/wp\/v2\/media?parent=20357"}],"wp:term":[{"taxonomy":"category","embeddable":true,"href":"https:\/\/clickcarangola.com.br\/site\/wp-json\/wp\/v2\/categories?post=20357"},{"taxonomy":"post_tag","embeddable":true,"href":"https:\/\/clickcarangola.com.br\/site\/wp-json\/wp\/v2\/tags?post=20357"}],"curies":[{"name":"wp","href":"https:\/\/api.w.org\/{rel}","templated":true}]}}