{"id":20499,"date":"2015-02-24T07:00:41","date_gmt":"2015-02-24T10:00:41","guid":{"rendered":"https:\/\/clickcarangola.com.br\/site\/?p=20499"},"modified":"2015-02-24T18:17:32","modified_gmt":"2015-02-24T21:17:32","slug":"jovem-e-preso-apos-balear-uma-pessoa-em-orizania","status":"publish","type":"post","link":"https:\/\/clickcarangola.com.br\/site\/24\/02\/2015\/jovem-e-preso-apos-balear-uma-pessoa-em-orizania\/","title":{"rendered":"Jovem \u00e9 preso ap\u00f3s balear uma pessoa em Oriz\u00e2nia"},"content":{"rendered":"<p style=\"text-align: justify;\"><span style=\"color: #888888;\"><img loading=\"lazy\" decoding=\"async\" class=\"size-full wp-image-20504 alignleft\" title=\"\" src=\"https:\/\/clickcarangola.com.br\/site\/wp-content\/uploads\/2015\/02\/Jovem-Oriz\u00e2nia-01.jpg\" alt=\"\" width=\"300\" height=\"226\" srcset=\"https:\/\/clickcarangola.com.br\/site\/wp-content\/uploads\/2015\/02\/Jovem-Oriz\u00e2nia-01.jpg 600w, https:\/\/clickcarangola.com.br\/site\/wp-content\/uploads\/2015\/02\/Jovem-Oriz\u00e2nia-01-300x225.jpg 300w, https:\/\/clickcarangola.com.br\/site\/wp-content\/uploads\/2015\/02\/Jovem-Oriz\u00e2nia-01-100x75.jpg 100w\" sizes=\"auto, (max-width: 300px) 100vw, 300px\" \/>Um jovem de 20 anos foi preso pela Pol\u00edcia Militar (PM), na noite desta segunda-feira (23), na cidade de Oriz\u00e2nia (cerca de 50 km de Carangola), ap\u00f3s balear um homem de 33 anos.<\/span><\/p>\n<p style=\"text-align: justify;\"><span style=\"color: #888888;\">De acordo com o boletim de ocorr\u00eancia da PM, ap\u00f3s den\u00fancias sobre um homem armado disparando tiros no Centro de Oriz\u00e2nia, militares foram para o local e encontraram a v\u00edtima com um ferimento nas costas.<!--more--><\/span><\/p>\n<p style=\"text-align: justify;\"><span style=\"color: #888888;\">Ap\u00f3s prestar socorro ao baleado, os policiais sa\u00edram em rastreamento e encontraram o acusado, que ao ver a viatura, correu e desapareceu em um matagal. Por\u00e9m, segundo a PM, militares ficaram de tocaia nas imedia\u00e7\u00f5es da resid\u00eancia do fuj\u00e3o, que ao chegar foi surpreendido por eles.<\/span><\/p>\n<p style=\"text-align: justify;\"><span style=\"color: #888888;\">O rev\u00f3lver calibre 22 foi apreendido, com duas muni\u00e7\u00f5es intactas e quatro deflagradas e, ainda conforme o registro, o jovem alegou que depois de uma discuss\u00e3o com parentes, pegou a arma e disparou tiros de forma aleat\u00f3ria, afirmando que n\u00e3o teve a inten\u00e7\u00e3o de atingir a v\u00edtima.<\/span><\/p>\n<p style=\"text-align: justify;\"><span style=\"color: #888888;\">Ap\u00f3s ser apresentado \u00e0 Pol\u00edcia Civil em Muria\u00e9, o rapaz foi autuado e encaminhado, inicialmente, ao Pres\u00eddio Municipal, onde aguardar\u00e1 transfer\u00eancia para sua cidade de origem.<\/span><\/p>\n<p style=\"text-align: justify;\"><span style=\"color: #ff0000;\">Confira as imagens:<\/span><\/p>\n<div class=\"mceTemp\">\n<dl id=\"\" class=\"wp-caption \" style=\"width: 410px;\">\n<dt class=\"wp-caption-dt\"><img loading=\"lazy\" decoding=\"async\" src=\"https:\/\/clickcarangola.com.br\/site\/wp-content\/uploads\/2015\/02\/Jovem-Oriz\u00e2nia-02.jpg\" alt=\"\" width=\"400\" height=\"300\" \/><\/dt>\n<\/dl>\n<\/div>\n<div class=\"mceTemp\">\n<dl id=\"\" class=\"wp-caption \" style=\"width: 410px;\">\n<dt class=\"wp-caption-dt\"><img loading=\"lazy\" decoding=\"async\" src=\"https:\/\/clickcarangola.com.br\/site\/wp-content\/uploads\/2015\/02\/Jovem-Oriz\u00e2nia-03.jpg\" alt=\"\" width=\"400\" height=\"300\" \/><\/dt>\n<\/dl>\n<\/div>\n<p style=\"text-align: justify;\"><span style=\"color: #888888;\">Por: Click Carangola | Com informa\u00e7\u00f5es da PM e R\u00e1dio Muria\u00e9.<\/span><\/p>\n","protected":false},"excerpt":{"rendered":"<p>Um jovem de 20 anos foi preso pela Pol\u00edcia Militar (PM), na noite desta segunda-feira (23), na cidade de Oriz\u00e2nia (cerca de 50 km de Carangola), ap\u00f3s balear um homem de 33 anos. De acordo com o boletim de ocorr\u00eancia da PM, ap\u00f3s den\u00fancias sobre um homem armado disparando tiros no Centro de Oriz\u00e2nia, militares [&hellip;]<\/p>\n","protected":false},"author":2,"featured_media":0,"comment_status":"open","ping_status":"open","sticky":false,"template":"","format":"standard","meta":{"footnotes":""},"categories":[53],"tags":[],"class_list":["post-20499","post","type-post","status-publish","format-standard","hentry","category-orizania-mg"],"_links":{"self":[{"href":"https:\/\/clickcarangola.com.br\/site\/wp-json\/wp\/v2\/posts\/20499","targetHints":{"allow":["GET"]}}],"collection":[{"href":"https:\/\/clickcarangola.com.br\/site\/wp-json\/wp\/v2\/posts"}],"about":[{"href":"https:\/\/clickcarangola.com.br\/site\/wp-json\/wp\/v2\/types\/post"}],"author":[{"embeddable":true,"href":"https:\/\/clickcarangola.com.br\/site\/wp-json\/wp\/v2\/users\/2"}],"replies":[{"embeddable":true,"href":"https:\/\/clickcarangola.com.br\/site\/wp-json\/wp\/v2\/comments?post=20499"}],"version-history":[{"count":5,"href":"https:\/\/clickcarangola.com.br\/site\/wp-json\/wp\/v2\/posts\/20499\/revisions"}],"predecessor-version":[{"id":20501,"href":"https:\/\/clickcarangola.com.br\/site\/wp-json\/wp\/v2\/posts\/20499\/revisions\/20501"}],"wp:attachment":[{"href":"https:\/\/clickcarangola.com.br\/site\/wp-json\/wp\/v2\/media?parent=20499"}],"wp:term":[{"taxonomy":"category","embeddable":true,"href":"https:\/\/clickcarangola.com.br\/site\/wp-json\/wp\/v2\/categories?post=20499"},{"taxonomy":"post_tag","embeddable":true,"href":"https:\/\/clickcarangola.com.br\/site\/wp-json\/wp\/v2\/tags?post=20499"}],"curies":[{"name":"wp","href":"https:\/\/api.w.org\/{rel}","templated":true}]}}