{"id":20620,"date":"2015-03-21T16:00:37","date_gmt":"2015-03-21T19:00:37","guid":{"rendered":"https:\/\/clickcarangola.com.br\/site\/?p=20620"},"modified":"2015-03-24T17:09:41","modified_gmt":"2015-03-24T20:09:41","slug":"idoso-morre-em-acidente-na-br-116-proximo-a-sao-francisco-do-gloria","status":"publish","type":"post","link":"https:\/\/clickcarangola.com.br\/site\/21\/03\/2015\/idoso-morre-em-acidente-na-br-116-proximo-a-sao-francisco-do-gloria\/","title":{"rendered":"Idoso morre em acidente na BR 116, pr\u00f3ximo a S\u00e3o Francisco do Gl\u00f3ria"},"content":{"rendered":"<p style=\"text-align: justify;\"><span style=\"color: #888888;\"><img loading=\"lazy\" decoding=\"async\" class=\"size-full wp-image-20622 alignleft\" title=\"\" src=\"https:\/\/clickcarangola.com.br\/site\/wp-content\/uploads\/2015\/03\/Idoso-na-116-01.jpg\" alt=\"\" width=\"300\" height=\"226\" \/>Um acidente entre uma carreta e um ve\u00edculo Toyota SW4, deixou um morto na tarde deste s\u00e1bado (21), na BR-116, pr\u00f3ximo ao trevo de S\u00e3o Francisco do Gl\u00f3ria.<\/span><\/p>\n<p style=\"text-align: justify;\"><span style=\"color: #888888;\">Segundo informa\u00e7\u00f5es do condutor da carreta, que nada sofreu, ele bateu em um buraco na curva e ao tentar sair do buraco teria perdido o controle e atingido a SW4 que vinha na dire\u00e7\u00e3o oposta.<!--more--><\/span><\/p>\n<p style=\"text-align: justify;\"><span style=\"color: #888888;\">O Samu compareceu ao local do acidente mas Afonso Celso Ianhez, de 64 anos, j\u00e1 estava sem vida. Os outros dois ocupantes da SW4 n\u00e3o se feriram.<\/span><\/p>\n<p style=\"text-align: justify;\"><span style=\"color: #888888;\">A Pol\u00edcia Rodovi\u00e1ria Federal (PRF) ficou respons\u00e1vel pelo registro da ocorr\u00eancia, a per\u00edcia da Pol\u00edcia Civil realizou os trabalhos e o corpo foi removido para o IML de Muria\u00e9.<\/span><\/p>\n<p style=\"text-align: justify;\"><span style=\"color: #888888;\"><strong>Confira as imagens:<\/strong><\/span><\/p>\n<div class=\"mceTemp\">\n<dl id=\"\" class=\"wp-caption \" style=\"width: 410px;\">\n<dt class=\"wp-caption-dt\"><img loading=\"lazy\" decoding=\"async\" src=\"https:\/\/clickcarangola.com.br\/site\/wp-content\/uploads\/2015\/03\/Idoso-na-116-02.jpg\" alt=\"\" width=\"400\" height=\"300\" \/><\/dt>\n<\/dl>\n<\/div>\n<div class=\"mceTemp\">\n<dl id=\"\" class=\"wp-caption \" style=\"width: 410px;\">\n<dt class=\"wp-caption-dt\"><img loading=\"lazy\" decoding=\"async\" src=\"https:\/\/clickcarangola.com.br\/site\/wp-content\/uploads\/2015\/03\/Idoso-na-116-03.jpg\" alt=\"\" width=\"400\" height=\"300\" \/><\/dt>\n<\/dl>\n<\/div>\n<div class=\"mceTemp\">\n<dl id=\"\" class=\"wp-caption \" style=\"width: 410px;\">\n<dt class=\"wp-caption-dt\"><img loading=\"lazy\" decoding=\"async\" src=\"https:\/\/clickcarangola.com.br\/site\/wp-content\/uploads\/2015\/03\/Idoso-na-116-04.jpg\" alt=\"\" width=\"400\" height=\"300\" \/><\/dt>\n<\/dl>\n<\/div>\n<div class=\"mceTemp\">\n<dl id=\"\" class=\"wp-caption \" style=\"width: 410px;\">\n<dt class=\"wp-caption-dt\"><img loading=\"lazy\" decoding=\"async\" src=\"https:\/\/clickcarangola.com.br\/site\/wp-content\/uploads\/2015\/03\/Idoso-na-116-05.jpg\" alt=\"\" width=\"400\" height=\"300\" \/><\/dt>\n<\/dl>\n<\/div>\n<p><span style=\"color: #888888;\"><strong>Por: Click Carangola<\/strong> | Com informa\u00e7\u00f5es da PRF e R\u00e1dio Muria\u00e9.<\/span><\/p>\n","protected":false},"excerpt":{"rendered":"<p>Um acidente entre uma carreta e um ve\u00edculo Toyota SW4, deixou um morto na tarde deste s\u00e1bado (21), na BR-116, pr\u00f3ximo ao trevo de S\u00e3o Francisco do Gl\u00f3ria. Segundo informa\u00e7\u00f5es do condutor da carreta, que nada sofreu, ele bateu em um buraco na curva e ao tentar sair do buraco teria perdido o controle e [&hellip;]<\/p>\n","protected":false},"author":2,"featured_media":0,"comment_status":"open","ping_status":"open","sticky":false,"template":"","format":"standard","meta":{"footnotes":""},"categories":[55],"tags":[],"class_list":["post-20620","post","type-post","status-publish","format-standard","hentry","category-saofranciscodogloria-mg"],"_links":{"self":[{"href":"https:\/\/clickcarangola.com.br\/site\/wp-json\/wp\/v2\/posts\/20620","targetHints":{"allow":["GET"]}}],"collection":[{"href":"https:\/\/clickcarangola.com.br\/site\/wp-json\/wp\/v2\/posts"}],"about":[{"href":"https:\/\/clickcarangola.com.br\/site\/wp-json\/wp\/v2\/types\/post"}],"author":[{"embeddable":true,"href":"https:\/\/clickcarangola.com.br\/site\/wp-json\/wp\/v2\/users\/2"}],"replies":[{"embeddable":true,"href":"https:\/\/clickcarangola.com.br\/site\/wp-json\/wp\/v2\/comments?post=20620"}],"version-history":[{"count":1,"href":"https:\/\/clickcarangola.com.br\/site\/wp-json\/wp\/v2\/posts\/20620\/revisions"}],"predecessor-version":[{"id":20626,"href":"https:\/\/clickcarangola.com.br\/site\/wp-json\/wp\/v2\/posts\/20620\/revisions\/20626"}],"wp:attachment":[{"href":"https:\/\/clickcarangola.com.br\/site\/wp-json\/wp\/v2\/media?parent=20620"}],"wp:term":[{"taxonomy":"category","embeddable":true,"href":"https:\/\/clickcarangola.com.br\/site\/wp-json\/wp\/v2\/categories?post=20620"},{"taxonomy":"post_tag","embeddable":true,"href":"https:\/\/clickcarangola.com.br\/site\/wp-json\/wp\/v2\/tags?post=20620"}],"curies":[{"name":"wp","href":"https:\/\/api.w.org\/{rel}","templated":true}]}}