{"id":2105,"date":"2011-11-06T08:00:56","date_gmt":"2011-11-06T11:00:56","guid":{"rendered":"https:\/\/clickcarangola.com.br\/site\/?p=2105"},"modified":"2011-11-06T12:38:28","modified_gmt":"2011-11-06T15:38:28","slug":"pm-prende-traficantes-de-passaros-silvestres-em-fervedouro","status":"publish","type":"post","link":"https:\/\/clickcarangola.com.br\/site\/06\/11\/2011\/pm-prende-traficantes-de-passaros-silvestres-em-fervedouro\/","title":{"rendered":"PM prende traficantes de p\u00e1ssaros silvestres em Fervedouro"},"content":{"rendered":"<p style=\"text-align: justify;\"><span style=\"color: #888888;\"><span style=\"color: #888888;\"><span style=\"color: #888888;\"><img loading=\"lazy\" decoding=\"async\" class=\"size-medium wp-image-2092 alignleft\" src=\"https:\/\/clickcarangola.com.br\/site\/wp-content\/uploads\/2011\/11\/PM_01-300x225.jpg\" alt=\"\" width=\"300\" height=\"226\" srcset=\"https:\/\/clickcarangola.com.br\/site\/wp-content\/uploads\/2011\/11\/PM_01-300x225.jpg 300w, https:\/\/clickcarangola.com.br\/site\/wp-content\/uploads\/2011\/11\/PM_01-100x75.jpg 100w, https:\/\/clickcarangola.com.br\/site\/wp-content\/uploads\/2011\/11\/PM_01.jpg 500w\" sizes=\"auto, (max-width: 300px) 100vw, 300px\" \/>A Pol\u00edcia Militar de Fervedouro e S\u00e3o Francisco do Gl\u00f3ria conseguiu prender uma quadrilha de traficantes de p\u00e1ssaros silvestres. De acordo com os policiais eles receberam uma den\u00fancia an\u00f4nima que um ve\u00edculo suspeito de cor azul, estava circulando na estrada do distrito de S\u00e3o Pedro do Gl\u00f3ria em dire\u00e7\u00e3o ao munic\u00edpio de Fervedouro. <\/span><\/span><\/span><\/p>\n<div style=\"text-align: justify;\"><span style=\"color: #888888;\">Ap\u00f3s realizar rastreamento, os policiais militares conseguiram localizar um Monza com placas de Belo Horizonte. O carro foi abordado e com os tr\u00eas ocupantes foram encontrados, treze p\u00e1ssaros da esp\u00e9cie Trinca Ferro. Os p\u00e1ssaros estavam sendo levados em caixas de papel\u00e3o com compartimentos. Os autores disseram que n\u00e3o possu\u00edam autoriza\u00e7\u00e3o do \u00f3rg\u00e3o competente (IBAMA) para manter os p\u00e1ssaros em cativeiro. As aves foram recolhidas e os autores presos em flagrante. <\/span><\/div>\n<p style=\"text-align: justify;\"><span style=\"color: #888888;\"><img loading=\"lazy\" decoding=\"async\" class=\"size-medium wp-image-2093 alignleft\" src=\"https:\/\/clickcarangola.com.br\/site\/wp-content\/uploads\/2011\/11\/PM_02-300x225.jpg\" alt=\"\" width=\"300\" height=\"226\" srcset=\"https:\/\/clickcarangola.com.br\/site\/wp-content\/uploads\/2011\/11\/PM_02-300x225.jpg 300w, https:\/\/clickcarangola.com.br\/site\/wp-content\/uploads\/2011\/11\/PM_02-100x75.jpg 100w, https:\/\/clickcarangola.com.br\/site\/wp-content\/uploads\/2011\/11\/PM_02.jpg 500w\" sizes=\"auto, (max-width: 300px) 100vw, 300px\" \/>Um deles afirmou que havia comprado os p\u00e1ssaros de um morador do distrito de S\u00e3o Pedro do Gl\u00f3ria. Os policiais foram at\u00e9 a resid\u00eancia do indiv\u00edduo e encontraram com ele R$ 900,00 em cheques e R$ 400,00 em dinheiro. O homem confessou ter recebido o dinheiro como pagamento pelos p\u00e1ssaros. Na propriedade foram encontrados mais dois trinca ferros e diversas gaiolas, transportadores, armadilhas e viveiros. Os itens estavam em uma casa ao lado da propriedade utilizada pelo autor para esconder os objetos. <\/span><\/p>\n<p style=\"text-align: justify;\"><span style=\"color: #888888;\">Participaram da opera\u00e7\u00e3o os sargentos Geovane, Ranquine e Roberto, o Cabo Morais e os Soldados Silva Marques e\u00a0 Michel.<\/span><\/p>\n<p><span style=\"color: #888888;\">Informa\u00e7\u00f5es: PM.<\/span><\/p>\n<p><strong><span style=\"color: #888888;\">Por: Click Carangola<\/span><\/strong><\/p>\n<p><span style=\"color: #888888;\">\u00bb Envie not\u00edcias, sugest\u00f5es, den\u00fancias, cr\u00edticas e pedidos para a nossa\u00a0equipe \u2013 <\/span><span style=\"color: #888888;\"><a href=\"mailto:clickcarangola@gmail.com\">clickcarangola@gmail.com<\/a><\/span><\/p>\n","protected":false},"excerpt":{"rendered":"<p>A Pol\u00edcia Militar de Fervedouro e S\u00e3o Francisco do Gl\u00f3ria conseguiu prender uma quadrilha de traficantes de p\u00e1ssaros silvestres. De acordo com os policiais eles receberam uma den\u00fancia an\u00f4nima que um ve\u00edculo suspeito de cor azul, estava circulando na estrada do distrito de S\u00e3o Pedro do Gl\u00f3ria em dire\u00e7\u00e3o ao munic\u00edpio de Fervedouro. Ap\u00f3s realizar [&hellip;]<\/p>\n","protected":false},"author":2,"featured_media":0,"comment_status":"open","ping_status":"open","sticky":false,"template":"","format":"standard","meta":{"footnotes":""},"categories":[47,55,1],"tags":[],"class_list":["post-2105","post","type-post","status-publish","format-standard","hentry","category-fervedouro-mg","category-saofranciscodogloria-mg","category-regional"],"_links":{"self":[{"href":"https:\/\/clickcarangola.com.br\/site\/wp-json\/wp\/v2\/posts\/2105","targetHints":{"allow":["GET"]}}],"collection":[{"href":"https:\/\/clickcarangola.com.br\/site\/wp-json\/wp\/v2\/posts"}],"about":[{"href":"https:\/\/clickcarangola.com.br\/site\/wp-json\/wp\/v2\/types\/post"}],"author":[{"embeddable":true,"href":"https:\/\/clickcarangola.com.br\/site\/wp-json\/wp\/v2\/users\/2"}],"replies":[{"embeddable":true,"href":"https:\/\/clickcarangola.com.br\/site\/wp-json\/wp\/v2\/comments?post=2105"}],"version-history":[{"count":5,"href":"https:\/\/clickcarangola.com.br\/site\/wp-json\/wp\/v2\/posts\/2105\/revisions"}],"predecessor-version":[{"id":2110,"href":"https:\/\/clickcarangola.com.br\/site\/wp-json\/wp\/v2\/posts\/2105\/revisions\/2110"}],"wp:attachment":[{"href":"https:\/\/clickcarangola.com.br\/site\/wp-json\/wp\/v2\/media?parent=2105"}],"wp:term":[{"taxonomy":"category","embeddable":true,"href":"https:\/\/clickcarangola.com.br\/site\/wp-json\/wp\/v2\/categories?post=2105"},{"taxonomy":"post_tag","embeddable":true,"href":"https:\/\/clickcarangola.com.br\/site\/wp-json\/wp\/v2\/tags?post=2105"}],"curies":[{"name":"wp","href":"https:\/\/api.w.org\/{rel}","templated":true}]}}