{"id":21319,"date":"2015-07-06T10:00:35","date_gmt":"2015-07-06T13:00:35","guid":{"rendered":"https:\/\/clickcarangola.com.br\/site\/?p=21319"},"modified":"2015-07-20T12:13:16","modified_gmt":"2015-07-20T15:13:16","slug":"colisao-envolve-uno-e-motoneta-em-alto-caparao","status":"publish","type":"post","link":"https:\/\/clickcarangola.com.br\/site\/06\/07\/2015\/colisao-envolve-uno-e-motoneta-em-alto-caparao\/","title":{"rendered":"Colis\u00e3o envolve Uno e motoneta em Alto Capara\u00f3"},"content":{"rendered":"<p style=\"text-align: justify;\"><span style=\"color: #888888;\"><img loading=\"lazy\" decoding=\"async\" class=\"size-full wp-image-21320 alignleft\" title=\"\" src=\"https:\/\/clickcarangola.com.br\/site\/wp-content\/uploads\/2015\/07\/Acidente-Alto-Capara\u00f3.jpg\" alt=\"\" width=\"300\" height=\"226\" srcset=\"https:\/\/clickcarangola.com.br\/site\/wp-content\/uploads\/2015\/07\/Acidente-Alto-Capara\u00f3.jpg 400w, https:\/\/clickcarangola.com.br\/site\/wp-content\/uploads\/2015\/07\/Acidente-Alto-Capara\u00f3-300x225.jpg 300w, https:\/\/clickcarangola.com.br\/site\/wp-content\/uploads\/2015\/07\/Acidente-Alto-Capara\u00f3-100x75.jpg 100w\" sizes=\"auto, (max-width: 300px) 100vw, 300px\" \/>Na manh\u00e3 deste domingo (05\/07), na sa\u00edda de Alto Capara\u00f3 para Capara\u00f3, aconteceu um acidente de tr\u00e2nsito envolvendo uma colis\u00e3o frontal entre um Fiat Uno e uma motoneta cinquentinha.<\/span><\/p>\n<p style=\"text-align: justify;\"><span style=\"color: #888888;\">O condutor da motoneta Paulo dos Reis teve ferimentos graves. Ele foi levado pela ambul\u00e2ncia da cidade para o hospital Casa de Caridade em Carangola com fratura exposta.<!--more--><\/span><\/p>\n<p style=\"text-align: justify;\"><span style=\"color: #888888;\">Segundo informa\u00e7\u00f5es da PM, o condutor da moto n\u00e3o tinha carteira de habilita\u00e7\u00e3o.<\/span><\/p>\n<p style=\"text-align: justify;\"><span style=\"color: #ff0000;\">Outro<\/span><\/p>\n<p style=\"text-align: justify;\"><span style=\"color: #888888;\">Ainda neste domingo, segundo informa\u00e7\u00f5es, um caminh\u00e3o e um carro bateram na estrada vicinal entre Alto Capara\u00f3 e o C\u00f3rrego do Jos\u00e9 Pedro (Alto Jequitib\u00e1).\u00a0<\/span><span style=\"color: #888888;\">Nesse fato, n\u00e3o houve feridos.<\/span><\/p>\n<p style=\"text-align: justify;\"><span style=\"color: #808080;\"><strong>Por: Click Carangola | <\/strong>Com informa\u00e7\u00f5es Lovantino.<\/span><\/p>\n","protected":false},"excerpt":{"rendered":"<p>Na manh\u00e3 deste domingo (05\/07), na sa\u00edda de Alto Capara\u00f3 para Capara\u00f3, aconteceu um acidente de tr\u00e2nsito envolvendo uma colis\u00e3o frontal entre um Fiat Uno e uma motoneta cinquentinha. O condutor da motoneta Paulo dos Reis teve ferimentos graves. Ele foi levado pela ambul\u00e2ncia da cidade para o hospital Casa de Caridade em Carangola com [&hellip;]<\/p>\n","protected":false},"author":2,"featured_media":0,"comment_status":"open","ping_status":"open","sticky":false,"template":"","format":"standard","meta":{"footnotes":""},"categories":[39],"tags":[],"class_list":["post-21319","post","type-post","status-publish","format-standard","hentry","category-altocaparao-mg"],"_links":{"self":[{"href":"https:\/\/clickcarangola.com.br\/site\/wp-json\/wp\/v2\/posts\/21319","targetHints":{"allow":["GET"]}}],"collection":[{"href":"https:\/\/clickcarangola.com.br\/site\/wp-json\/wp\/v2\/posts"}],"about":[{"href":"https:\/\/clickcarangola.com.br\/site\/wp-json\/wp\/v2\/types\/post"}],"author":[{"embeddable":true,"href":"https:\/\/clickcarangola.com.br\/site\/wp-json\/wp\/v2\/users\/2"}],"replies":[{"embeddable":true,"href":"https:\/\/clickcarangola.com.br\/site\/wp-json\/wp\/v2\/comments?post=21319"}],"version-history":[{"count":1,"href":"https:\/\/clickcarangola.com.br\/site\/wp-json\/wp\/v2\/posts\/21319\/revisions"}],"predecessor-version":[{"id":21321,"href":"https:\/\/clickcarangola.com.br\/site\/wp-json\/wp\/v2\/posts\/21319\/revisions\/21321"}],"wp:attachment":[{"href":"https:\/\/clickcarangola.com.br\/site\/wp-json\/wp\/v2\/media?parent=21319"}],"wp:term":[{"taxonomy":"category","embeddable":true,"href":"https:\/\/clickcarangola.com.br\/site\/wp-json\/wp\/v2\/categories?post=21319"},{"taxonomy":"post_tag","embeddable":true,"href":"https:\/\/clickcarangola.com.br\/site\/wp-json\/wp\/v2\/tags?post=21319"}],"curies":[{"name":"wp","href":"https:\/\/api.w.org\/{rel}","templated":true}]}}