{"id":21322,"date":"2015-07-06T18:00:48","date_gmt":"2015-07-06T21:00:48","guid":{"rendered":"https:\/\/clickcarangola.com.br\/site\/?p=21322"},"modified":"2015-07-20T12:16:46","modified_gmt":"2015-07-20T15:16:46","slug":"neblina-provoca-acidente-na-mg-111","status":"publish","type":"post","link":"https:\/\/clickcarangola.com.br\/site\/06\/07\/2015\/neblina-provoca-acidente-na-mg-111\/","title":{"rendered":"Neblina provoca acidente na MG-111"},"content":{"rendered":"<p style=\"text-align: justify;\"><span style=\"color: #888888;\"><img loading=\"lazy\" decoding=\"async\" class=\"size-full wp-image-17658 alignleft\" title=\"\" src=\"https:\/\/clickcarangola.com.br\/site\/wp-content\/uploads\/2014\/04\/Not\u00edcia-policial.jpg\" alt=\"\" width=\"300\" height=\"226\" \/>A Pol\u00edcia Militar Rodovi\u00e1ria registrou acidente no km 115 da MG-111, pr\u00f3ximo \u00e0 ponte do povoado de Luanda, em Alto Jequitib\u00e1, neste s\u00e1bado (04\/07).<\/span><\/p>\n<p style=\"text-align: justify;\"><span style=\"color: #888888;\">O ve\u00edculo Santana seguia sentido Carangola para Alto Jequitib\u00e1 quando o motorista perdeu o controle devido ao forte nevoeiro e bateu de frente com um Fusca, na pista contr\u00e1ria.<!--more--><\/span><\/p>\n<p style=\"text-align: justify;\"><span style=\"color: #888888;\">Os ve\u00edculos foram liberados. Os condutores foram socorridos para o hospital com a ajuda de terceiros. O motorista do Fusca \u00e9 inabilitado.<\/span><\/p>\n<p style=\"text-align: justify;\"><span style=\"color: #888888;\"><strong>Por: Click Carangola<\/strong> | Com informa\u00e7\u00f5es Portal Capara\u00f3.<\/span><\/p>\n","protected":false},"excerpt":{"rendered":"<p>A Pol\u00edcia Militar Rodovi\u00e1ria registrou acidente no km 115 da MG-111, pr\u00f3ximo \u00e0 ponte do povoado de Luanda, em Alto Jequitib\u00e1, neste s\u00e1bado (04\/07). O ve\u00edculo Santana seguia sentido Carangola para Alto Jequitib\u00e1 quando o motorista perdeu o controle devido ao forte nevoeiro e bateu de frente com um Fusca, na pista contr\u00e1ria.<\/p>\n","protected":false},"author":2,"featured_media":0,"comment_status":"open","ping_status":"open","sticky":false,"template":"","format":"standard","meta":{"footnotes":""},"categories":[40],"tags":[],"class_list":["post-21322","post","type-post","status-publish","format-standard","hentry","category-altojequitiba-mg"],"_links":{"self":[{"href":"https:\/\/clickcarangola.com.br\/site\/wp-json\/wp\/v2\/posts\/21322","targetHints":{"allow":["GET"]}}],"collection":[{"href":"https:\/\/clickcarangola.com.br\/site\/wp-json\/wp\/v2\/posts"}],"about":[{"href":"https:\/\/clickcarangola.com.br\/site\/wp-json\/wp\/v2\/types\/post"}],"author":[{"embeddable":true,"href":"https:\/\/clickcarangola.com.br\/site\/wp-json\/wp\/v2\/users\/2"}],"replies":[{"embeddable":true,"href":"https:\/\/clickcarangola.com.br\/site\/wp-json\/wp\/v2\/comments?post=21322"}],"version-history":[{"count":3,"href":"https:\/\/clickcarangola.com.br\/site\/wp-json\/wp\/v2\/posts\/21322\/revisions"}],"predecessor-version":[{"id":21324,"href":"https:\/\/clickcarangola.com.br\/site\/wp-json\/wp\/v2\/posts\/21322\/revisions\/21324"}],"wp:attachment":[{"href":"https:\/\/clickcarangola.com.br\/site\/wp-json\/wp\/v2\/media?parent=21322"}],"wp:term":[{"taxonomy":"category","embeddable":true,"href":"https:\/\/clickcarangola.com.br\/site\/wp-json\/wp\/v2\/categories?post=21322"},{"taxonomy":"post_tag","embeddable":true,"href":"https:\/\/clickcarangola.com.br\/site\/wp-json\/wp\/v2\/tags?post=21322"}],"curies":[{"name":"wp","href":"https:\/\/api.w.org\/{rel}","templated":true}]}}