{"id":21327,"date":"2015-07-23T06:30:58","date_gmt":"2015-07-23T09:30:58","guid":{"rendered":"https:\/\/clickcarangola.com.br\/site\/?p=21327"},"modified":"2015-07-27T12:30:44","modified_gmt":"2015-07-27T15:30:44","slug":"motorista-morre-ao-bater-em-arvore-na-br-116-em-orizania","status":"publish","type":"post","link":"https:\/\/clickcarangola.com.br\/site\/23\/07\/2015\/motorista-morre-ao-bater-em-arvore-na-br-116-em-orizania\/","title":{"rendered":"Motorista morre ao bater em \u00e1rvore na BR-116, em Oriz\u00e2nia"},"content":{"rendered":"<div class=\"entry\">\n<div id=\"attachment_152866\" class=\"wp-caption alignjustify\" style=\"width: 300px;\"><img loading=\"lazy\" decoding=\"async\" class=\"size-full wp-image-21329 alignleft\" title=\"\" src=\"https:\/\/clickcarangola.com.br\/site\/wp-content\/uploads\/2015\/07\/Carro-Bate-Arvore-1.jpg\" alt=\"\" width=\"300\" height=\"226\" \/><\/div>\n<p style=\"text-align: justify;\"><span style=\"color: #888888;\">Pedro Paulo dos Santos, de 56 anos, morreu em um acidente no in\u00edcio da noite desta quarta-feira (22\/07), na BR-116 em Oriz\u00e2nia. Ele viajava em um ve\u00edculo Polo, placa Atibaia\/SP, sentido Realeza.<\/span><\/p>\n<p style=\"text-align: justify;\"><span style=\"color: #888888;\">Segundo informa\u00e7\u00f5es no local, a v\u00edtima perdeu o controle da dire\u00e7\u00e3o do ve\u00edculo e bateu fortemente em uma pequena \u00e1rvore que foi quebrada pelo meio com o acidente.<!--more--><\/span><\/p>\n<p style=\"text-align: justify;\"><span style=\"color: #888888;\">O motorista morreu na hora preso \u00e0s ferragens.\u00a0<\/span><\/p>\n<p style=\"text-align: justify;\"><span style=\"color: #888888;\">A Pol\u00edcia Rodovi\u00e1ria Federal foi acionada. A per\u00edcia tamb\u00e9m compareceu ao local. O corpo foi encaminhado ao IML.<\/span><\/p>\n<p style=\"text-align: justify;\"><span style=\"color: #ff0000;\">Confira as imagens:<\/span><\/p>\n<div class=\"mceTemp\">\n<dl id=\"\" class=\"wp-caption \" style=\"width: 410px;\">\n<dt class=\"wp-caption-dt\"><img loading=\"lazy\" decoding=\"async\" src=\"https:\/\/clickcarangola.com.br\/site\/wp-content\/uploads\/2015\/07\/Carro-Bate-Arvore-3.jpg\" alt=\"\" width=\"400\" height=\"300\" \/><\/dt>\n<\/dl>\n<\/div>\n<p><span style=\"color: #888888;\"><strong>Por: Click Carangola <\/strong>| Com informa\u00e7\u00f5es do jornal O Campe\u00e3o.<\/span><\/p>\n<\/div>\n","protected":false},"excerpt":{"rendered":"<p>Pedro Paulo dos Santos, de 56 anos, morreu em um acidente no in\u00edcio da noite desta quarta-feira (22\/07), na BR-116 em Oriz\u00e2nia. Ele viajava em um ve\u00edculo Polo, placa Atibaia\/SP, sentido Realeza. Segundo informa\u00e7\u00f5es no local, a v\u00edtima perdeu o controle da dire\u00e7\u00e3o do ve\u00edculo e bateu fortemente em uma pequena \u00e1rvore que foi quebrada [&hellip;]<\/p>\n","protected":false},"author":2,"featured_media":0,"comment_status":"open","ping_status":"open","sticky":false,"template":"","format":"standard","meta":{"footnotes":""},"categories":[53],"tags":[],"class_list":["post-21327","post","type-post","status-publish","format-standard","hentry","category-orizania-mg"],"_links":{"self":[{"href":"https:\/\/clickcarangola.com.br\/site\/wp-json\/wp\/v2\/posts\/21327","targetHints":{"allow":["GET"]}}],"collection":[{"href":"https:\/\/clickcarangola.com.br\/site\/wp-json\/wp\/v2\/posts"}],"about":[{"href":"https:\/\/clickcarangola.com.br\/site\/wp-json\/wp\/v2\/types\/post"}],"author":[{"embeddable":true,"href":"https:\/\/clickcarangola.com.br\/site\/wp-json\/wp\/v2\/users\/2"}],"replies":[{"embeddable":true,"href":"https:\/\/clickcarangola.com.br\/site\/wp-json\/wp\/v2\/comments?post=21327"}],"version-history":[{"count":5,"href":"https:\/\/clickcarangola.com.br\/site\/wp-json\/wp\/v2\/posts\/21327\/revisions"}],"predecessor-version":[{"id":21370,"href":"https:\/\/clickcarangola.com.br\/site\/wp-json\/wp\/v2\/posts\/21327\/revisions\/21370"}],"wp:attachment":[{"href":"https:\/\/clickcarangola.com.br\/site\/wp-json\/wp\/v2\/media?parent=21327"}],"wp:term":[{"taxonomy":"category","embeddable":true,"href":"https:\/\/clickcarangola.com.br\/site\/wp-json\/wp\/v2\/categories?post=21327"},{"taxonomy":"post_tag","embeddable":true,"href":"https:\/\/clickcarangola.com.br\/site\/wp-json\/wp\/v2\/tags?post=21327"}],"curies":[{"name":"wp","href":"https:\/\/api.w.org\/{rel}","templated":true}]}}