{"id":21772,"date":"2015-09-07T15:00:00","date_gmt":"2015-09-07T18:00:00","guid":{"rendered":"https:\/\/clickcarangola.com.br\/site\/?p=21772"},"modified":"2015-09-10T19:54:33","modified_gmt":"2015-09-10T22:54:33","slug":"cantor-daniel-visita-regiao-do-parque-do-caparao","status":"publish","type":"post","link":"https:\/\/clickcarangola.com.br\/site\/07\/09\/2015\/cantor-daniel-visita-regiao-do-parque-do-caparao\/","title":{"rendered":"Cantor Daniel visita regi\u00e3o do Parque do Capara\u00f3"},"content":{"rendered":"<p><span style=\"color: #888888;\"><img loading=\"lazy\" decoding=\"async\" class=\"alignleft\" src=\"https:\/\/www.portalcaparao.com.br\/fotos\/images\/Daniel%20Alto%20Caparao%20(4).jpg\" alt=\"\" width=\"300\" height=\"226\" \/><\/span><\/p>\n<p style=\"text-align: justify;\"><span style=\"color: #888888;\">O Cantor Daniel visitou a cidade de Alto Capara\u00f3 (cerca de 54 Km de Carangola) neste feriado de 7 de setembro. Ele e comitiva chegaram \u00e0 cidade no final de semana para conhecer os belos atrativos naturais da regi\u00e3o do Capara\u00f3 Mineiro.<\/span><\/p>\n<p style=\"text-align: justify;\"><span style=\"color: #888888;\">No final da tarde desta segunda-feira (07\/09), Daniel e comitiva foram acampar no Parque Nacional do Capara\u00f3, na tronqueira, de onde sa\u00edra durante a madrugada para tentar observar o nascer do sol no terceiro ponto mais alto do Pa\u00eds, o Pico da Bandeira.<!--more--><\/span><\/p>\n<p style=\"text-align: justify;\"><span style=\"color: #888888;\">Daniel chegou \u00e0 portaria do Parque em um jeep de aluguel, e foi muito simp\u00e1tico e atencioso com os turistas e com os funcion\u00e1rios do Parque. Daniel fez quest\u00e3o de cumprimentar e tirar fotos com todos.<\/span><\/p>\n<p style=\"text-align: justify;\"><span style=\"color: #ff0000;\">Confira as imagens:<\/span><\/p>\n<p style=\"text-align: justify;\"><img loading=\"lazy\" decoding=\"async\" src=\"https:\/\/www.portalcaparao.com.br\/fotos\/images\/Daniel%20Alto%20Caparao%20(3).jpg\" alt=\"\" width=\"400\" height=\"300\" \/><\/p>\n<p style=\"text-align: justify;\"><span style=\"color: #888888;\"><strong>Por: Click Carangola | <\/strong>Com informa\u00e7\u00f5es Lovantino.<\/span><\/p>\n","protected":false},"excerpt":{"rendered":"<p>O Cantor Daniel visitou a cidade de Alto Capara\u00f3 (cerca de 54 Km de Carangola) neste feriado de 7 de setembro. Ele e comitiva chegaram \u00e0 cidade no final de semana para conhecer os belos atrativos naturais da regi\u00e3o do Capara\u00f3 Mineiro. No final da tarde desta segunda-feira (07\/09), Daniel e comitiva foram acampar no [&hellip;]<\/p>\n","protected":false},"author":2,"featured_media":0,"comment_status":"open","ping_status":"open","sticky":false,"template":"","format":"standard","meta":{"footnotes":""},"categories":[39],"tags":[],"class_list":["post-21772","post","type-post","status-publish","format-standard","hentry","category-altocaparao-mg"],"_links":{"self":[{"href":"https:\/\/clickcarangola.com.br\/site\/wp-json\/wp\/v2\/posts\/21772","targetHints":{"allow":["GET"]}}],"collection":[{"href":"https:\/\/clickcarangola.com.br\/site\/wp-json\/wp\/v2\/posts"}],"about":[{"href":"https:\/\/clickcarangola.com.br\/site\/wp-json\/wp\/v2\/types\/post"}],"author":[{"embeddable":true,"href":"https:\/\/clickcarangola.com.br\/site\/wp-json\/wp\/v2\/users\/2"}],"replies":[{"embeddable":true,"href":"https:\/\/clickcarangola.com.br\/site\/wp-json\/wp\/v2\/comments?post=21772"}],"version-history":[{"count":6,"href":"https:\/\/clickcarangola.com.br\/site\/wp-json\/wp\/v2\/posts\/21772\/revisions"}],"predecessor-version":[{"id":21776,"href":"https:\/\/clickcarangola.com.br\/site\/wp-json\/wp\/v2\/posts\/21772\/revisions\/21776"}],"wp:attachment":[{"href":"https:\/\/clickcarangola.com.br\/site\/wp-json\/wp\/v2\/media?parent=21772"}],"wp:term":[{"taxonomy":"category","embeddable":true,"href":"https:\/\/clickcarangola.com.br\/site\/wp-json\/wp\/v2\/categories?post=21772"},{"taxonomy":"post_tag","embeddable":true,"href":"https:\/\/clickcarangola.com.br\/site\/wp-json\/wp\/v2\/tags?post=21772"}],"curies":[{"name":"wp","href":"https:\/\/api.w.org\/{rel}","templated":true}]}}