{"id":22147,"date":"2015-12-06T06:30:56","date_gmt":"2015-12-06T09:30:56","guid":{"rendered":"https:\/\/clickcarangola.com.br\/site\/?p=22147"},"modified":"2015-12-06T16:24:36","modified_gmt":"2015-12-06T19:24:36","slug":"ha-dez-anos-sem-homicidios-alto-caparao-sera-homenageado","status":"publish","type":"post","link":"https:\/\/clickcarangola.com.br\/site\/06\/12\/2015\/ha-dez-anos-sem-homicidios-alto-caparao-sera-homenageado\/","title":{"rendered":"H\u00e1 dez anos sem homic\u00eddios, Alto Capara\u00f3 ser\u00e1 homenageado"},"content":{"rendered":"<p style=\"text-align: justify;\"><span style=\"color: #888888;\"><img loading=\"lazy\" decoding=\"async\" class=\"size-full wp-image-22149 alignleft\" title=\"\" src=\"https:\/\/clickcarangola.com.br\/site\/wp-content\/uploads\/2015\/12\/Alto-Capara\u00f3-vista-01.jpg\" alt=\"\" width=\"300\" height=\"226\" srcset=\"https:\/\/clickcarangola.com.br\/site\/wp-content\/uploads\/2015\/12\/Alto-Capara\u00f3-vista-01.jpg 1500w, https:\/\/clickcarangola.com.br\/site\/wp-content\/uploads\/2015\/12\/Alto-Capara\u00f3-vista-01-300x225.jpg 300w, https:\/\/clickcarangola.com.br\/site\/wp-content\/uploads\/2015\/12\/Alto-Capara\u00f3-vista-01-1024x768.jpg 1024w, https:\/\/clickcarangola.com.br\/site\/wp-content\/uploads\/2015\/12\/Alto-Capara\u00f3-vista-01-100x75.jpg 100w\" sizes=\"auto, (max-width: 300px) 100vw, 300px\" \/>H\u00e1 dez anos sem homic\u00eddios, o munic\u00edpio de Alto Capara\u00f3 &#8211; a 54 Km de Carangola &#8211; ser\u00e1 condecorado com o Pr\u00eamio Mineiro de Direitos Humanos.\u00a0<\/span><span style=\"color: #888888;\">A cidade faz parte de um grupo seleto de 33 munic\u00edpios que tiveram \u00edndice zero de homic\u00eddios entre 2004 e 2014.<\/span><\/p>\n<p style=\"text-align: justify;\"><span style=\"color: #888888;\">Promovido pela Secretaria de Estado de Direitos Humanos, Participa\u00e7\u00e3o Social e Cidadania (Sedpac), a condecora\u00e7\u00e3o ser\u00e1 concedida pela primeira vez no Estado a 33 munic\u00edpios, de acordo com os registros da Pol\u00edcia Militar e da Secretaria de Estado de Sa\u00fade.<!--more--><\/span><\/p>\n<p style=\"text-align: justify;\"><span style=\"color: #888888;\">A solenidade de entrega do pr\u00eamio ser\u00e1 \u00e0s 18 horas do dia 10 de dezembro, quando se comemora o anivers\u00e1rio da Declara\u00e7\u00e3o Universal dos Direitos Humanos e o Dia Internacional dos Direitos Humanos, na Assembleia Legislativa de Minas Gerais.<\/span><\/p>\n<p style=\"text-align: justify;\"><span style=\"color: #888888;\">Como premia\u00e7\u00e3o, o secret\u00e1rio de Estado de Direitos Humanos, Participa\u00e7\u00e3o Social e Cidadania, Nilm\u00e1rio Miranda, entregar\u00e1 aos prefeitos um acervo de livros, para que os munic\u00edpios modernizem ou comecem a montar uma biblioteca p\u00fablica.<\/span><\/p>\n<p style=\"text-align: justify;\"><span style=\"color: #888888;\">Contribu\u00edram para a constitui\u00e7\u00e3o do acervo a Secretaria de Estado de Cultura, Minist\u00e9rio do Desenvolvimento Agr\u00e1rio e a editora Edi\u00e7\u00f5es C\u00e2mara. Al\u00e9m dos livros, as bibliotecas v\u00e3o receber computadores doados pela Funda\u00e7\u00e3o Banco do Brasil.<\/span><\/p>\n<p style=\"text-align: justify;\"><span style=\"color: #888888;\">S\u00e3o parceiros na realiza\u00e7\u00e3o do evento: Assembleia Legislativa de Minas Gerais (ALMG), Associa\u00e7\u00e3o Mineira de Munic\u00edpios (AMM), Companhia Energ\u00e9tica de Minas Gerais (Cemig), Servi\u00e7o Volunt\u00e1rio de Assist\u00eancia Social (SERVAS) e Movimento Minas Pela Paz.<\/span><\/p>\n<p style=\"text-align: justify;\"><span style=\"color: #888888;\">Al\u00e9m de Alto Capara\u00f3, \u00fanico munic\u00edpio da regi\u00e3o, confira as outras 32 localidades que tiveram \u00edndice zero de homic\u00eddios nos \u00faltimos 10 anos, segundo a Pol\u00edcia Militar de Minas e a Datasus: Arantina, Belmiro Braga, Capela Nova, Carana\u00edba, Carrancas, Casa Grande, Concei\u00e7\u00e3o da Barra de Minas, Congonhal, Dom Vi\u00e7oso, Douradoquara, Fama, Gon\u00e7alves, Grupiara, Ibituruna, Inga\u00ed, Itamb\u00e9 do Mato Dentro, Madre de Deus de Minas, Marip\u00e1 de Minas, Minduri, Ol\u00edmpio Noronha, Paiva, Passab\u00e9m, Pequeri, Rio Doce, Rochedo de Minas, Santana do Garamb\u00e9u, Santo Ant\u00f4nio do Rio Abaixo, S\u00e3o Jo\u00e3o da Mata, Senhora dos Rem\u00e9dios, Serranos, Turvol\u00e2ndia e Itamarati de Minas.<\/span><\/p>\n<p style=\"text-align: justify;\"><span style=\"color: #ff0000;\">Confira as imagens:<\/span><\/p>\n<div class=\"mceTemp\">\n<dl id=\"\" class=\"wp-caption \" style=\"width: 410px;\">\n<dt class=\"wp-caption-dt\"><img decoding=\"async\" src=\"https:\/\/clickcarangola.com.br\/site\/wp-content\/uploads\/2015\/12\/Alto-Capara\u00f3-vista-02.jpg\" alt=\"\" width=\"400\" height=\"300&quot;\" \/><\/dt>\n<\/dl>\n<\/div>\n<p><span style=\"color: #888888;\"><strong>Por: Click Carangola | <\/strong>Com informa\u00e7\u00f5es do Portal Capara\u00f3.<\/span><\/p>\n","protected":false},"excerpt":{"rendered":"<p>H\u00e1 dez anos sem homic\u00eddios, o munic\u00edpio de Alto Capara\u00f3 &#8211; a 54 Km de Carangola &#8211; ser\u00e1 condecorado com o Pr\u00eamio Mineiro de Direitos Humanos.\u00a0A cidade faz parte de um grupo seleto de 33 munic\u00edpios que tiveram \u00edndice zero de homic\u00eddios entre 2004 e 2014. Promovido pela Secretaria de Estado de Direitos Humanos, Participa\u00e7\u00e3o [&hellip;]<\/p>\n","protected":false},"author":2,"featured_media":0,"comment_status":"open","ping_status":"open","sticky":false,"template":"","format":"standard","meta":{"footnotes":""},"categories":[39],"tags":[],"class_list":["post-22147","post","type-post","status-publish","format-standard","hentry","category-altocaparao-mg"],"_links":{"self":[{"href":"https:\/\/clickcarangola.com.br\/site\/wp-json\/wp\/v2\/posts\/22147","targetHints":{"allow":["GET"]}}],"collection":[{"href":"https:\/\/clickcarangola.com.br\/site\/wp-json\/wp\/v2\/posts"}],"about":[{"href":"https:\/\/clickcarangola.com.br\/site\/wp-json\/wp\/v2\/types\/post"}],"author":[{"embeddable":true,"href":"https:\/\/clickcarangola.com.br\/site\/wp-json\/wp\/v2\/users\/2"}],"replies":[{"embeddable":true,"href":"https:\/\/clickcarangola.com.br\/site\/wp-json\/wp\/v2\/comments?post=22147"}],"version-history":[{"count":5,"href":"https:\/\/clickcarangola.com.br\/site\/wp-json\/wp\/v2\/posts\/22147\/revisions"}],"predecessor-version":[{"id":22151,"href":"https:\/\/clickcarangola.com.br\/site\/wp-json\/wp\/v2\/posts\/22147\/revisions\/22151"}],"wp:attachment":[{"href":"https:\/\/clickcarangola.com.br\/site\/wp-json\/wp\/v2\/media?parent=22147"}],"wp:term":[{"taxonomy":"category","embeddable":true,"href":"https:\/\/clickcarangola.com.br\/site\/wp-json\/wp\/v2\/categories?post=22147"},{"taxonomy":"post_tag","embeddable":true,"href":"https:\/\/clickcarangola.com.br\/site\/wp-json\/wp\/v2\/tags?post=22147"}],"curies":[{"name":"wp","href":"https:\/\/api.w.org\/{rel}","templated":true}]}}