{"id":2241,"date":"2011-11-16T17:18:56","date_gmt":"2011-11-16T20:18:56","guid":{"rendered":"https:\/\/clickcarangola.com.br\/site\/?p=2241"},"modified":"2011-11-16T17:34:29","modified_gmt":"2011-11-16T20:34:29","slug":"fervedouro-comemora-20-anos-de-emancipacao","status":"publish","type":"post","link":"https:\/\/clickcarangola.com.br\/site\/16\/11\/2011\/fervedouro-comemora-20-anos-de-emancipacao\/","title":{"rendered":"Fervedouro comemora 20 anos de emancipa\u00e7\u00e3o"},"content":{"rendered":"<p style=\"text-align: justify;\"><span style=\"color: #888888;\"><img loading=\"lazy\" decoding=\"async\" class=\"size-full wp-image-2242 alignleft\" title=\"Fervedouro-MG.\" src=\"https:\/\/clickcarangola.com.br\/site\/wp-content\/uploads\/2011\/11\/Fervedouro.jpg\" alt=\"\" width=\"300\" height=\"226\" \/>No dia 15 de novembro de 1991, ou seja, 20 anos atr\u00e1s, era realizado em Fervedouro o plebiscito eleitoral que decidiria sobre a emancipa\u00e7\u00e3o pol\u00edtica e administrativa do ent\u00e3o distrito de Fervedouro.<\/span><\/p>\n<p style=\"text-align: justify;\"><span style=\"color: #888888;\">O processo eleitoral foi conduzido pelo Juiz Substituto Dr. Paulino C\u00e9sar Ferreira da Silva, e a seguran\u00e7a esteve a cargo da 75\u00aa CIA de Policia Militar de Carangola sob o comando do Tenente Jos\u00e9 Maria Gomes e mais 24 policiais militares espalhados pelos distritos de Fervedouro, S\u00e3o Pedro do Gl\u00f3ria e Bom Jesus do Madeira, e sob o comando do Tenente Admaro de Oliveira Meireles em Samambaia.<\/span><\/p>\n<p style=\"text-align: justify;\"><span style=\"color: #888888;\">Tendo tamb\u00e9m o auxilio da Policia Civil comandado pelo Delegado Dr. Walter Franco que colocou seus detetives e o carcereiro acompanhando a vota\u00e7\u00e3o nas 12 se\u00e7\u00f5es eleitorais existentes.<\/span><\/p>\n<p style=\"text-align: justify;\"><span style=\"color: #888888;\">\u00c0s 19h00min, no Carangola Campestre Clube, teve in\u00edcio a apura\u00e7\u00e3o dos votos. A primeira urna a chegar ao local da apura\u00e7\u00e3o foi a urna 79\u00aa, vinda de Samambaia. O primeiro voto apurado foi da 72\u00aa se\u00e7\u00e3o, sendo este pelo \u201cSIM\u201d, ou seja, pela emancipa\u00e7\u00e3o de Fervedouro.<\/span><\/p>\n<p style=\"text-align: justify;\"><span style=\"color: #888888;\">\u00c0s 21h00min, terminada a apura\u00e7\u00e3o, constatou-se que dos 4.354 eleitores, compareceram 3.021 e 1.333 se abstiveram, dando uma absten\u00e7\u00e3o de 30,61% dos votantes. Em Fervedouro e Samambaia votaram 1.881 eleitores, deste total 1.745 optaram pelo \u201cSIM\u201d, e 60 eleitores optaram pelo \u201cN\u00c3O\u201d. Em S\u00e3o Pedro do Gl\u00f3ria votaram 624 eleitores, sendo 537 pelo \u201cSIM\u201d e 40 pelo \u201cN\u00c3O\u201d.<\/span><\/p>\n<p style=\"text-align: justify;\"><span style=\"color: #888888;\">Nesta data os eleitores de Fervedouro afirmaram nas urnas que queriam a emancipa\u00e7\u00e3o.<\/span><\/p>\n<p style=\"text-align: justify;\"><span style=\"color: #888888;\">Portando, nesta data marcante para a hist\u00f3ria de Fervedouro, cabe a n\u00f3s, fervedourenses nascidos ou de cora\u00e7\u00e3o, pensar no que podemos fazer para ajudar este munic\u00edpio a progredir.<\/span><\/p>\n<p style=\"text-align: justify;\"><span style=\"color: #888888;\">Imagens dos cartazes da \u00e9poca:<\/span><\/p>\n<p style=\"text-align: justify;\"><span style=\"color: #888888;\"><img loading=\"lazy\" decoding=\"async\" class=\"alignnone size-medium wp-image-2243\" title=\"Cartazes da \u00e9poca.\" src=\"https:\/\/clickcarangola.com.br\/site\/wp-content\/uploads\/2011\/11\/Cartaz-Fervedouro_01-300x107.jpg\" alt=\"\" width=\"300\" height=\"226\" \/><img loading=\"lazy\" decoding=\"async\" class=\"alignnone size-medium wp-image-2244\" title=\"Cartazes da \u00e9poca.\" src=\"https:\/\/clickcarangola.com.br\/site\/wp-content\/uploads\/2011\/11\/Cartaz-Fervedouro_02-300x156.jpg\" alt=\"\" width=\"300\" height=\"226\" \/><\/span><\/p>\n<p style=\"text-align: justify;\"><span style=\"color: #888888;\">Informa\u00e7\u00f5es: Celso Ricardo.<\/span><\/p>\n<p style=\"text-align: justify;\"><strong><span style=\"color: #888888;\">Por: Click Carangola<\/span><\/strong><\/p>\n<p><span style=\"color: #888888;\">\u00bb Envie not\u00edcias, sugest\u00f5es, den\u00fancias, cr\u00edticas e pedidos para a nossa\u00a0equipe \u2013 <\/span><span style=\"color: #888888;\"><a href=\"mailto:clickcarangola@gmail.com\">clickcarangola@gmail.com<\/a><\/span><\/p>\n","protected":false},"excerpt":{"rendered":"<p>No dia 15 de novembro de 1991, ou seja, 20 anos atr\u00e1s, era realizado em Fervedouro o plebiscito eleitoral que decidiria sobre a emancipa\u00e7\u00e3o pol\u00edtica e administrativa do ent\u00e3o distrito de Fervedouro. O processo eleitoral foi conduzido pelo Juiz Substituto Dr. Paulino C\u00e9sar Ferreira da Silva, e a seguran\u00e7a esteve a cargo da 75\u00aa CIA [&hellip;]<\/p>\n","protected":false},"author":2,"featured_media":0,"comment_status":"open","ping_status":"open","sticky":false,"template":"","format":"standard","meta":{"footnotes":""},"categories":[47,1],"tags":[],"class_list":["post-2241","post","type-post","status-publish","format-standard","hentry","category-fervedouro-mg","category-regional"],"_links":{"self":[{"href":"https:\/\/clickcarangola.com.br\/site\/wp-json\/wp\/v2\/posts\/2241","targetHints":{"allow":["GET"]}}],"collection":[{"href":"https:\/\/clickcarangola.com.br\/site\/wp-json\/wp\/v2\/posts"}],"about":[{"href":"https:\/\/clickcarangola.com.br\/site\/wp-json\/wp\/v2\/types\/post"}],"author":[{"embeddable":true,"href":"https:\/\/clickcarangola.com.br\/site\/wp-json\/wp\/v2\/users\/2"}],"replies":[{"embeddable":true,"href":"https:\/\/clickcarangola.com.br\/site\/wp-json\/wp\/v2\/comments?post=2241"}],"version-history":[{"count":5,"href":"https:\/\/clickcarangola.com.br\/site\/wp-json\/wp\/v2\/posts\/2241\/revisions"}],"predecessor-version":[{"id":2250,"href":"https:\/\/clickcarangola.com.br\/site\/wp-json\/wp\/v2\/posts\/2241\/revisions\/2250"}],"wp:attachment":[{"href":"https:\/\/clickcarangola.com.br\/site\/wp-json\/wp\/v2\/media?parent=2241"}],"wp:term":[{"taxonomy":"category","embeddable":true,"href":"https:\/\/clickcarangola.com.br\/site\/wp-json\/wp\/v2\/categories?post=2241"},{"taxonomy":"post_tag","embeddable":true,"href":"https:\/\/clickcarangola.com.br\/site\/wp-json\/wp\/v2\/tags?post=2241"}],"curies":[{"name":"wp","href":"https:\/\/api.w.org\/{rel}","templated":true}]}}