{"id":22876,"date":"2016-04-07T06:30:00","date_gmt":"2016-04-07T09:30:00","guid":{"rendered":"https:\/\/clickcarangola.com.br\/site\/?p=22876"},"modified":"2016-04-07T17:30:54","modified_gmt":"2016-04-07T20:30:54","slug":"estudante-e-sequestrada-na-br-116-em-orizania","status":"publish","type":"post","link":"https:\/\/clickcarangola.com.br\/site\/07\/04\/2016\/estudante-e-sequestrada-na-br-116-em-orizania\/","title":{"rendered":"Estudante \u00e9 sequestrada na BR-116 em Oriz\u00e2nia"},"content":{"rendered":"<p style=\"text-align: justify;\"><img loading=\"lazy\" decoding=\"async\" class=\"size-full wp-image-22877 alignleft\" title=\"\" src=\"https:\/\/clickcarangola.com.br\/site\/wp-content\/uploads\/2016\/04\/Estudante-de-Oriz\u00e2nia.jpg\" alt=\"\" width=\"300\" height=\"226\" \/><span style=\"color: #888888;\">Uma estudante de Oriz\u00e2nia \u2013 a cerca de 51 Km de Carangola \u2013, foi sequestrada ao desembarcar da van que a levava da faculdade, em Manhua\u00e7u, para sua casa na noite desta quarta-feira (06\/04). <\/span><\/p>\n<p style=\"text-align: justify;\"><span style=\"color: #888888;\">As informa\u00e7\u00f5es iniciais d\u00e3o conta de que bandidos deram uma coronhada na cabe\u00e7a do motorista e levaram a jovem Micaela Faria \u00e0 for\u00e7a.<!--more--><\/span><\/p>\n<p style=\"text-align: justify;\"><span style=\"color: #888888;\">Segundo o relato de moradores de S\u00e3o Jo\u00e3o do Manhua\u00e7u, os bandidos roubaram um Audi A3 naquela cidade e depois usaram o carro para sequestrar a jovem estudante.<\/span><\/p>\n<p style=\"text-align: justify;\"><span style=\"color: #888888;\">O ve\u00edculo foi localizado incendiado na regi\u00e3o de Indai\u00e1, sentido a cidade de Pedra Bonita. A jovem continua desaparecida.<\/span><\/p>\n<p style=\"text-align: justify;\"><span style=\"color: #888888;\">A pol\u00edcia ainda n\u00e3o divulgou informa\u00e7\u00f5es sobre o caso.<\/span><\/p>\n<p style=\"text-align: justify;\"><span style=\"color: #888888;\">Em Oriz\u00e2nia, todos comentam o fato na manh\u00e3 desta quinta-feira. Familiares e amigos da estudante se mobilizam em ora\u00e7\u00e3o pela liberta\u00e7\u00e3o dela.<\/span><\/p>\n<p style=\"text-align: justify;\"><span style=\"color: #888888;\">Qualquer informa\u00e7\u00f5es sobre a jovem deve ser comunicada \u00e0 pol\u00edcia.<\/span><\/p>\n<p style=\"text-align: justify;\"><strong><span style=\"color: #888888;\">Por: Click Carangola<\/span><\/strong><\/p>\n","protected":false},"excerpt":{"rendered":"<p>Uma estudante de Oriz\u00e2nia \u2013 a cerca de 51 Km de Carangola \u2013, foi sequestrada ao desembarcar da van que a levava da faculdade, em Manhua\u00e7u, para sua casa na noite desta quarta-feira (06\/04). As informa\u00e7\u00f5es iniciais d\u00e3o conta de que bandidos deram uma coronhada na cabe\u00e7a do motorista e levaram a jovem Micaela Faria [&hellip;]<\/p>\n","protected":false},"author":2,"featured_media":0,"comment_status":"open","ping_status":"open","sticky":false,"template":"","format":"standard","meta":{"footnotes":""},"categories":[53],"tags":[],"class_list":["post-22876","post","type-post","status-publish","format-standard","hentry","category-orizania-mg"],"_links":{"self":[{"href":"https:\/\/clickcarangola.com.br\/site\/wp-json\/wp\/v2\/posts\/22876","targetHints":{"allow":["GET"]}}],"collection":[{"href":"https:\/\/clickcarangola.com.br\/site\/wp-json\/wp\/v2\/posts"}],"about":[{"href":"https:\/\/clickcarangola.com.br\/site\/wp-json\/wp\/v2\/types\/post"}],"author":[{"embeddable":true,"href":"https:\/\/clickcarangola.com.br\/site\/wp-json\/wp\/v2\/users\/2"}],"replies":[{"embeddable":true,"href":"https:\/\/clickcarangola.com.br\/site\/wp-json\/wp\/v2\/comments?post=22876"}],"version-history":[{"count":5,"href":"https:\/\/clickcarangola.com.br\/site\/wp-json\/wp\/v2\/posts\/22876\/revisions"}],"predecessor-version":[{"id":22882,"href":"https:\/\/clickcarangola.com.br\/site\/wp-json\/wp\/v2\/posts\/22876\/revisions\/22882"}],"wp:attachment":[{"href":"https:\/\/clickcarangola.com.br\/site\/wp-json\/wp\/v2\/media?parent=22876"}],"wp:term":[{"taxonomy":"category","embeddable":true,"href":"https:\/\/clickcarangola.com.br\/site\/wp-json\/wp\/v2\/categories?post=22876"},{"taxonomy":"post_tag","embeddable":true,"href":"https:\/\/clickcarangola.com.br\/site\/wp-json\/wp\/v2\/tags?post=22876"}],"curies":[{"name":"wp","href":"https:\/\/api.w.org\/{rel}","templated":true}]}}