{"id":22906,"date":"2016-04-08T08:00:23","date_gmt":"2016-04-08T11:00:23","guid":{"rendered":"https:\/\/clickcarangola.com.br\/site\/?p=22906"},"modified":"2016-04-08T14:43:37","modified_gmt":"2016-04-08T17:43:37","slug":"jovem-esta-bem-e-policia-continua-investigacoes","status":"publish","type":"post","link":"https:\/\/clickcarangola.com.br\/site\/08\/04\/2016\/jovem-esta-bem-e-policia-continua-investigacoes\/","title":{"rendered":"Sequestro em Oriz\u00e2nia: Jovem est\u00e1 bem e pol\u00edcia continua investiga\u00e7\u00f5es"},"content":{"rendered":"<p style=\"text-align: justify;\"><span style=\"color: #888888;\"><img loading=\"lazy\" decoding=\"async\" class=\"size-full wp-image-22907 alignleft\" title=\"\" src=\"https:\/\/clickcarangola.com.br\/site\/wp-content\/uploads\/2016\/04\/Micaela-do-Amaral-Faria.jpg\" alt=\"\" width=\"300\" height=\"226\" \/>A estudante Micaela do Amaral Faria, de 16 anos, foi libertada, por volta de 20:30 desta quinta-feira (07\/04), pelos sequestradores na regi\u00e3o do c\u00f3rrego On\u00e7a, zona rural de Oriz\u00e2nia. <\/span><\/p>\n<p style=\"text-align: justify;\"><span style=\"color: #888888;\">Equipes das Pol\u00edcias Militar e Civil se mobilizaram durante todo o dia em buscas e investiga\u00e7\u00f5es sobre o paradeiro da jovem, que havia sido sequestrada na noite de quarta-feira, na BR-116.<!--more--><\/span><\/p>\n<p style=\"text-align: justify;\"><span style=\"color: #888888;\">Um morador da zona rural foi quem acionou a Pol\u00edcia Militar, quando a jovem apareceu na porta de sua casa. Micaela estava bem e sem ferimentos.<\/span><\/p>\n<p style=\"text-align: justify;\"><span style=\"color: #888888;\">A garota contou aos policiais que foi rendida por tr\u00eas indiv\u00edduos encapuzados. Dois deles portavam arma de fogo, a puxaram da van e a colocaram no ve\u00edculo Audi, de cor prata, roubado mais cedo. Ainda segundo a jovem, dois autores sentaram no banco da frente do carro e um ao seu lado, vindo a dar ordem para que ficasse olhando somente para baixo.<\/span><\/p>\n<p style=\"text-align: justify;\"><span style=\"color: #888888;\">A adolescente contou tamb\u00e9m que, ap\u00f3s aproximadamente uns quinze minutos transitando pela BR-116, sentido ao munic\u00edpio de Divino, entraram em uma estrada vicinal. Um dos bandidos pegou o celular dela e afirmou que ligaria para o pai da jovem com a inten\u00e7\u00e3o de exigir uma quantia em dinheiro.<\/span><\/p>\n<p style=\"text-align: justify;\"><span style=\"color: #888888;\">Micaela Faria contou que os bandidos amea\u00e7aram que, caso os pais n\u00e3o pagassem o resgate, n\u00e3o a veriam novamente.<\/span><\/p>\n<p style=\"text-align: justify;\"><span style=\"color: #ff0000;\">Casa abandonada<\/span><\/p>\n<p style=\"text-align: justify;\"><span style=\"color: #888888;\">A jovem disse que ficou presa num quarto numa casa aparentemente abandonada na zona rural com suas m\u00e3os e p\u00e9s amarrados. Os autores alegaram que havia algu\u00e9m vigiando e sa\u00edram.<\/span><\/p>\n<p style=\"text-align: justify;\"><span style=\"color: #888888;\">Somente \u00e0 noite, os homens retornaram, desamarraram suas m\u00e3os e p\u00e9s, mandaram seguir at\u00e9 a casa mais pr\u00f3xima e pedir socorro.<\/span><\/p>\n<p style=\"text-align: justify;\"><span style=\"color: #888888;\">Aos policiais, Micaela contou que os autores alegaram que viram o perfil dela no Facebook e ficaram com d\u00f3, por isso a libertaram.<\/span><\/p>\n<p style=\"text-align: justify;\"><span style=\"color: #888888;\">A jovem foi levada pelos policiais at\u00e9 o quartel em Oriz\u00e2nia, onde os pais a aguardavam. Uma multid\u00e3o comemorou a chegada da jovem. Em seguida, ela foi acompanhada para a delegacia em Divino para prestar informa\u00e7\u00f5es.<\/span><\/p>\n<p style=\"text-align: justify;\"><span style=\"color: #ff0000;\">Cerco policial<\/span><\/p>\n<p style=\"text-align: justify;\"><span style=\"color: #888888;\">O Delegado Ramon Sandoli, da Divis\u00e3o de Opera\u00e7\u00f5es Especiais (Deoesp) da Pol\u00edcia Civil de Belo Horizonte, conta que o cerco aos autores foi um fator positivo: &#8220;Houve dilig\u00eancias em toda a regi\u00e3o buscando a identifica\u00e7\u00e3o dos autores e a localiza\u00e7\u00e3o deles e da jovem. Durante o curso da investiga\u00e7\u00e3o, os envolvidos percebendo a aproxima\u00e7\u00e3o do cerco policial, tiraram a jovem do cativeiro e a libertaram. Foi quando ela pediu ajuda numa casa. As investiga\u00e7\u00f5es continuam para poder chegar a esses envolvidos e indici\u00e1-los no inqu\u00e9rito policial&#8221;, pontuou.<\/span><\/p>\n<p style=\"text-align: justify;\"><span style=\"color: #888888;\">Ainda segundo o delegado Ramon Sandoli, &#8220;todos os fatos apurados ser\u00e3o fruto de investiga\u00e7\u00e3o para confirmar detalhadamente o que aconteceu e verificar o sequestro ou at\u00e9 outro fato criminal. Ainda \u00e9 cedo para afirmar se eram X autores, se eram da regi\u00e3o, se houve um planejamento ou se foi um &#8216;sequestro por acaso&#8217;, ou seja, pegaram a adolescente por ter um potencial de pagar um resgate e depois desistiram. N\u00e3o h\u00e1 marca de agress\u00e3o e nem de maus tratos na v\u00edtima, felizmente&#8221;.<\/span><\/p>\n<p style=\"text-align: justify;\"><span style=\"color: #888888;\">O delegado ainda explicou que todos os envolvidos, testemunhas e parentes ser\u00e3o ouvidos e questionados sobre os fatos.<\/span><\/p>\n<p style=\"text-align: justify;\"><span style=\"color: #888888;\">O Tenente Batista, comandante do Pelot\u00e3o da PM em Divino, explicou que, a partir do momento do registro do fato, foram acionadas equipes da Pol\u00edcia Militar em toda a regi\u00e3o para que &#8220;pudessem fazer cerco a esses elementos, inclusive visitando propriedades rurais. Isso tudo acabou culminando com o sucesso e a liberta\u00e7\u00e3o da menor. Foi um trabalho conjunto entre PM e Pol\u00edcia Civil e que resultou num desfecho feliz&#8221;.<\/span><\/p>\n<p style=\"text-align: justify;\"><span style=\"color: #ff0000;\">Roubo do Audi<\/span><\/p>\n<p style=\"text-align: justify;\"><span style=\"color: #888888;\">O policial rodovi\u00e1rio federal Ornelas relatou que o carro foi roubado por volta das 20 horas de quarta-feira: &#8220;Dois homens armados, supostamente, com pistolas semiautom\u00e1ticas, renderam um casal no Audi, na BR-116, e levaram as v\u00edtimas at\u00e9 a localidade rural de C\u00f3rrego Neblina, em Divino, deixando o rapaz e a mulher a cerca de 2 km da rodovia&#8221;.<\/span><\/p>\n<p style=\"text-align: justify;\"><span style=\"color: #888888;\">Conforme o PRF, horas depois, j\u00e1 na comunidade de C\u00f3rrego dos Dornelas, os mesmos bandidos, usaram o Audi para sequestrar a adolescente, que chegava em casa em uma van que retornava da cidade de Manhua\u00e7u trazendo estudantes: &#8220;Eles abordaram a van, agrediram o motorista com coronhadas e levaram a jovem. Posteriormente, os pais da menina receberem liga\u00e7\u00f5es telef\u00f4nicas dos sequestradores usando o celular da pr\u00f3pria v\u00edtima&#8221;.<\/span><\/p>\n<p style=\"text-align: justify;\"><span style=\"color: #888888;\">Segundo Ornelas, os criminosos pediram um alto valor de resgate e ap\u00f3s o pai da adolescente alegar n\u00e3o ter condi\u00e7\u00f5es de pagar a quantia, os sequestradores desligaram, afirmando que ligariam na manh\u00e3 desta quinta-feira (07) a fim de negociar, mas n\u00e3o fizeram novo contato.<\/span><\/p>\n<p style=\"text-align: justify;\"><span style=\"color: #888888;\">Durante a madrugada, O Audi A3 roubado foi encontrado incendiado na zona rural de Divino.<\/span><\/p>\n<p style=\"text-align: justify;\"><span style=\"color: #888888;\"><strong>Por: Click Carangola &#8211; www.clickcarangola.com.br<\/strong><\/span><\/p>\n","protected":false},"excerpt":{"rendered":"<p>A estudante Micaela do Amaral Faria, de 16 anos, foi libertada, por volta de 20:30 desta quinta-feira (07\/04), pelos sequestradores na regi\u00e3o do c\u00f3rrego On\u00e7a, zona rural de Oriz\u00e2nia. Equipes das Pol\u00edcias Militar e Civil se mobilizaram durante todo o dia em buscas e investiga\u00e7\u00f5es sobre o paradeiro da jovem, que havia sido sequestrada na [&hellip;]<\/p>\n","protected":false},"author":2,"featured_media":0,"comment_status":"open","ping_status":"open","sticky":false,"template":"","format":"standard","meta":{"footnotes":""},"categories":[53],"tags":[],"class_list":["post-22906","post","type-post","status-publish","format-standard","hentry","category-orizania-mg"],"_links":{"self":[{"href":"https:\/\/clickcarangola.com.br\/site\/wp-json\/wp\/v2\/posts\/22906","targetHints":{"allow":["GET"]}}],"collection":[{"href":"https:\/\/clickcarangola.com.br\/site\/wp-json\/wp\/v2\/posts"}],"about":[{"href":"https:\/\/clickcarangola.com.br\/site\/wp-json\/wp\/v2\/types\/post"}],"author":[{"embeddable":true,"href":"https:\/\/clickcarangola.com.br\/site\/wp-json\/wp\/v2\/users\/2"}],"replies":[{"embeddable":true,"href":"https:\/\/clickcarangola.com.br\/site\/wp-json\/wp\/v2\/comments?post=22906"}],"version-history":[{"count":6,"href":"https:\/\/clickcarangola.com.br\/site\/wp-json\/wp\/v2\/posts\/22906\/revisions"}],"predecessor-version":[{"id":22909,"href":"https:\/\/clickcarangola.com.br\/site\/wp-json\/wp\/v2\/posts\/22906\/revisions\/22909"}],"wp:attachment":[{"href":"https:\/\/clickcarangola.com.br\/site\/wp-json\/wp\/v2\/media?parent=22906"}],"wp:term":[{"taxonomy":"category","embeddable":true,"href":"https:\/\/clickcarangola.com.br\/site\/wp-json\/wp\/v2\/categories?post=22906"},{"taxonomy":"post_tag","embeddable":true,"href":"https:\/\/clickcarangola.com.br\/site\/wp-json\/wp\/v2\/tags?post=22906"}],"curies":[{"name":"wp","href":"https:\/\/api.w.org\/{rel}","templated":true}]}}