{"id":2319,"date":"2011-11-26T08:30:22","date_gmt":"2011-11-26T11:30:22","guid":{"rendered":"https:\/\/clickcarangola.com.br\/site\/?p=2319"},"modified":"2011-11-26T15:33:40","modified_gmt":"2011-11-26T18:33:40","slug":"homem-e-preso-por-porte-ilegal-de-arma-em-fervedouro","status":"publish","type":"post","link":"https:\/\/clickcarangola.com.br\/site\/26\/11\/2011\/homem-e-preso-por-porte-ilegal-de-arma-em-fervedouro\/","title":{"rendered":"Homem \u00e9 preso por porte ilegal de arma em Fervedouro"},"content":{"rendered":"<p style=\"text-align: justify;\"><span style=\"color: #888888;\"><img loading=\"lazy\" decoding=\"async\" class=\"size-medium wp-image-2320 alignleft\" src=\"https:\/\/clickcarangola.com.br\/site\/wp-content\/uploads\/2011\/11\/Arma-Fervedouro-300x200.jpg\" alt=\"\" width=\"300\" height=\"226\" \/>Um homem de 33 anos foi preso na cidade de Fervedouro, na noite passada, por porte ilegal de arma de fogo. A pris\u00e3o aconteceu durante uma opera\u00e7\u00e3o policial que contou com militares de Fervedouro e S\u00e3o Francisco do Gl\u00f3ria.<\/span><\/p>\n<p style=\"text-align: justify;\"><span style=\"color: #888888;\">Os policiais encontraram um rev\u00f3lver calibre 38, com tr\u00eas muni\u00e7\u00f5es, dentro de um ve\u00edculo Fiat Estrada que segundo testemunhas, era conduzido pelo autor. Os militares realizavam uma batida em um bar da cidade, quando abordaram o homem, que n\u00e3o estava armado, mas como j\u00e1 havia informa\u00e7\u00f5es de que o suspeito possu\u00eda uma arma de forma irregular, eles decidiram fazer uma busca no carro, encontrando o rev\u00f3lver\u00a0 no porta luvas.<!--more--><\/span><\/p>\n<p style=\"text-align: justify;\"><span style=\"color: #888888;\">O autor, testemunhas e outro homem que alegou ser o condutor do ve\u00edculo, foram encaminhados para a delegacia de Muria\u00e9, no bairro Safira. O carro foi recolhido por estar com a documenta\u00e7\u00e3o atrasada.<\/span><\/p>\n<p style=\"text-align: justify;\"><span style=\"color: #888888;\">Participaram da opera\u00e7\u00e3o, os militares: Sgt. Roberto, Cb. Ronald e os soldados Michel, Eduardo e Charles.<\/span><\/p>\n<p style=\"text-align: justify;\"><span style=\"color: #888888;\"><img loading=\"lazy\" decoding=\"async\" class=\"alignnone size-medium wp-image-2323\" src=\"https:\/\/clickcarangola.com.br\/site\/wp-content\/uploads\/2011\/11\/Autor-300x225.jpg\" alt=\"\" width=\"300\" height=\"226\" srcset=\"https:\/\/clickcarangola.com.br\/site\/wp-content\/uploads\/2011\/11\/Autor-300x225.jpg 300w, https:\/\/clickcarangola.com.br\/site\/wp-content\/uploads\/2011\/11\/Autor-100x75.jpg 100w, https:\/\/clickcarangola.com.br\/site\/wp-content\/uploads\/2011\/11\/Autor.jpg 500w\" sizes=\"auto, (max-width: 300px) 100vw, 300px\" \/><img loading=\"lazy\" decoding=\"async\" class=\"alignnone size-medium wp-image-2324\" src=\"https:\/\/clickcarangola.com.br\/site\/wp-content\/uploads\/2011\/11\/Pms-300x225.jpg\" alt=\"\" width=\"300\" height=\"226\" srcset=\"https:\/\/clickcarangola.com.br\/site\/wp-content\/uploads\/2011\/11\/Pms-300x225.jpg 300w, https:\/\/clickcarangola.com.br\/site\/wp-content\/uploads\/2011\/11\/Pms-100x75.jpg 100w, https:\/\/clickcarangola.com.br\/site\/wp-content\/uploads\/2011\/11\/Pms.jpg 500w\" sizes=\"auto, (max-width: 300px) 100vw, 300px\" \/><\/span><\/p>\n<p style=\"text-align: justify;\"><strong><span style=\"color: #888888;\">Por: Click Carangola<\/span><\/strong><\/p>\n","protected":false},"excerpt":{"rendered":"<p>Um homem de 33 anos foi preso na cidade de Fervedouro, na noite passada, por porte ilegal de arma de fogo. A pris\u00e3o aconteceu durante uma opera\u00e7\u00e3o policial que contou com militares de Fervedouro e S\u00e3o Francisco do Gl\u00f3ria. Os policiais encontraram um rev\u00f3lver calibre 38, com tr\u00eas muni\u00e7\u00f5es, dentro de um ve\u00edculo Fiat Estrada [&hellip;]<\/p>\n","protected":false},"author":2,"featured_media":0,"comment_status":"open","ping_status":"open","sticky":false,"template":"","format":"standard","meta":{"footnotes":""},"categories":[47,55],"tags":[],"class_list":["post-2319","post","type-post","status-publish","format-standard","hentry","category-fervedouro-mg","category-saofranciscodogloria-mg"],"_links":{"self":[{"href":"https:\/\/clickcarangola.com.br\/site\/wp-json\/wp\/v2\/posts\/2319","targetHints":{"allow":["GET"]}}],"collection":[{"href":"https:\/\/clickcarangola.com.br\/site\/wp-json\/wp\/v2\/posts"}],"about":[{"href":"https:\/\/clickcarangola.com.br\/site\/wp-json\/wp\/v2\/types\/post"}],"author":[{"embeddable":true,"href":"https:\/\/clickcarangola.com.br\/site\/wp-json\/wp\/v2\/users\/2"}],"replies":[{"embeddable":true,"href":"https:\/\/clickcarangola.com.br\/site\/wp-json\/wp\/v2\/comments?post=2319"}],"version-history":[{"count":3,"href":"https:\/\/clickcarangola.com.br\/site\/wp-json\/wp\/v2\/posts\/2319\/revisions"}],"predecessor-version":[{"id":2322,"href":"https:\/\/clickcarangola.com.br\/site\/wp-json\/wp\/v2\/posts\/2319\/revisions\/2322"}],"wp:attachment":[{"href":"https:\/\/clickcarangola.com.br\/site\/wp-json\/wp\/v2\/media?parent=2319"}],"wp:term":[{"taxonomy":"category","embeddable":true,"href":"https:\/\/clickcarangola.com.br\/site\/wp-json\/wp\/v2\/categories?post=2319"},{"taxonomy":"post_tag","embeddable":true,"href":"https:\/\/clickcarangola.com.br\/site\/wp-json\/wp\/v2\/tags?post=2319"}],"curies":[{"name":"wp","href":"https:\/\/api.w.org\/{rel}","templated":true}]}}